{"id":244309,"date":"2023-04-06T19:08:25","date_gmt":"2023-04-06T18:08:25","guid":{"rendered":"https:\/\/elementum.pt\/?p=244309"},"modified":"2023-04-06T19:08:25","modified_gmt":"2023-04-06T18:08:25","slug":"taxa-de-desemprego-da-zona-euro-permaneceu-em-6-6-em-fevereiro-de-2023","status":"publish","type":"post","link":"https:\/\/elementum.pt\/pt-pt\/taxa-de-desemprego-da-zona-euro-permaneceu-em-6-6-em-fevereiro-de-2023\/","title":{"rendered":"Taxa de Desemprego da Zona Euro Permaneceu em 6.6% em Fevereiro de 2023"},"content":{"rendered":"<p><span style=\"font-family: verdana, geneva, sans-serif;font-size: 14pt\"><strong>Nota<\/strong>: \u00c9 importante destacar que as taxas de desemprego divulgadas pelos governos (seja da Uni\u00e3o Europeia, dos EUA, do Brasil, ou de qualquer outro local), tendem a ser menores do que a real taxa de desemprego. Isto ocorre devido, por exemplo, a estas taxas n\u00e3o contarem as pessoas desencorajadas (que pararam de procurar emprego e n\u00e3o est\u00e3o contadas na for\u00e7a de trabalho) e\/ou que est\u00e3o a realizar trabalhos ocasionais. Veja exemplos <a href=\"https:\/\/www.mises.org.br\/Article.aspx?id=1471\" target=\"_blank\" rel=\"noopener\">aqui<\/a>, <a href=\"https:\/\/mises.org.br\/Article.aspx?id=433\" target=\"_blank\" rel=\"noopener\">aqui<\/a> e <a href=\"https:\/\/youtu.be\/VmA1oXAGEIE\" target=\"_blank\" rel=\"noopener\">aqui<\/a>.<\/span><\/p>\n<p>&nbsp;<\/p>\n<p><span style=\"font-family: verdana, geneva, sans-serif;font-size: 14pt\"><a href=\"https:\/\/ec.europa.eu\/eurostat\/documents\/2995521\/16324762\/3-31032023-BP-EN.pdf\/4cb7a93a-bb55-923d-ec95-5fcb8073271c\" target=\"_blank\" rel=\"noopener\">Segundo a Eurostat<\/a>, em fevereiro de 2023 a taxa de desemprego na zona euro foi de 6.6% (est\u00e1vel em compara\u00e7\u00e3o aos dados atualizados do <a href=\"https:\/\/elementum.pt\/pt-pt\/taxa-de-desemprego-da-zona-euro-permaneceu-em-6-7-em-janeiro-de-2023\/\" target=\"_blank\" rel=\"noopener\">m\u00eas anterior<\/a>\u00a0e abaixo dos 6.8% em fevereiro de 2022). A taxa de desemprego na UE foi de 6% em fevereiro de 2023 (abaixo dos 6.1% em janeiro de 2023 e dos 6.2% em fevereiro de 2022).<\/span><\/p>\n<p>&nbsp;<\/p>\n<p style=\"text-align: center\"><strong><span style=\"font-family: verdana, geneva, sans-serif;font-size: 14pt\">Figura 1 \u2013 Taxa de Desemprego da UE e da Zona Euro<\/span><\/strong><\/p>\n<p><a href=\"https:\/\/blogger.googleusercontent.com\/img\/b\/R29vZ2xl\/AVvXsEg6-nR2VVXCVMjguaG0v2p2GsoLP-qaJ7xxBITSisRVGoLxIolJ_0WcnSiyf9JBX89cq1XCEGT2ulAKsPS5E7Pw6py-lCX3K8QVrPOi1_-8r0COkNa6FnejIv7r5tvUVqHfDX6ktfLvhk3lbq7Z43gn-rMpJUf3rtUnnEpwAVoFeM3TVv4BloeJBwa-cA\/s686\/1.png\" target=\"_blank\" rel=\"noopener\"><img fetchpriority=\"high\" decoding=\"async\" class=\"aligncenter size-medium\" src=\"https:\/\/blogger.googleusercontent.com\/img\/b\/R29vZ2xl\/AVvXsEg6-nR2VVXCVMjguaG0v2p2GsoLP-qaJ7xxBITSisRVGoLxIolJ_0WcnSiyf9JBX89cq1XCEGT2ulAKsPS5E7Pw6py-lCX3K8QVrPOi1_-8r0COkNa6FnejIv7r5tvUVqHfDX6ktfLvhk3lbq7Z43gn-rMpJUf3rtUnnEpwAVoFeM3TVv4BloeJBwa-cA\/s686\/1.png\" width=\"686\" height=\"469\" \/><\/a><\/p>\n<p style=\"text-align: center\"><span style=\"font-size: 10pt\"><strong><span style=\"font-family: verdana, geneva, sans-serif\">Zona Euro (Linha Vermelha); UE (Linha Azul).<\/span><\/strong><\/span><\/p>\n<p style=\"text-align: center\"><span style=\"font-size: 10pt\"><strong><span style=\"font-family: verdana, geneva, sans-serif\">Fonte: Eurostat.<\/span><\/strong><\/span><\/p>\n<p>&nbsp;<\/p>\n<p><span style=\"font-family: verdana, geneva, sans-serif;font-size: 14pt\">A Eurostat estima que 13,120 milh\u00f5es de pessoas na UE (das quais 11,142 milh\u00f5es na zona euro) estavam desempregadas em fevereiro de 2023. Em compara\u00e7\u00e3o a janeiro de 2023, o desemprego diminuiu 24 mil na UE e 59 mil na zona euro. Em rela\u00e7\u00e3o a fevereiro de 2022, o desemprego diminuiu 247 mil na UE e 257 mil na zona euro.<\/span><\/p>\n<p>&nbsp;<\/p>\n<p><span style=\"font-family: verdana, geneva, sans-serif;font-size: 14pt\">Em Portugal, a taxa de desemprego foi de 6.8% em fevereiro de 2023, com 360 mil pessoas desempregadas.<\/span><\/p>\n<p>&nbsp;<\/p>\n<p style=\"text-align: center\"><strong><span style=\"font-family: verdana, geneva, sans-serif;font-size: 14pt\">Figura 2 \u2013 Taxas e Total do Desemprego da UE e da Zona Euro<\/span><\/strong><\/p>\n<p><a href=\"https:\/\/blogger.googleusercontent.com\/img\/b\/R29vZ2xl\/AVvXsEj3FS5YFSNI1g8bpmqtXh_sUqihjYnKxR-UIP6nx85MRn_ZHDrivcL_bFEo2yV9r7oWFHMOnQDpgW4KvSizeSxwW9JSH4I13-5qIByuBhvCkASBGVemcWCCytUaSSDYeSucyHpOPykhKUmaBSz_4V0WEbyKwrDs1Wz5qglEovul6qyWKyLdWiVh8CBLDA\/s1018\/2.png\" target=\"_blank\" rel=\"noopener\"><img decoding=\"async\" class=\"aligncenter size-medium\" src=\"https:\/\/blogger.googleusercontent.com\/img\/b\/R29vZ2xl\/AVvXsEj3FS5YFSNI1g8bpmqtXh_sUqihjYnKxR-UIP6nx85MRn_ZHDrivcL_bFEo2yV9r7oWFHMOnQDpgW4KvSizeSxwW9JSH4I13-5qIByuBhvCkASBGVemcWCCytUaSSDYeSucyHpOPykhKUmaBSz_4V0WEbyKwrDs1Wz5qglEovul6qyWKyLdWiVh8CBLDA\/s1018\/2.png\" width=\"1018\" height=\"661\" \/><\/a><\/p>\n<p style=\"text-align: center\"><span style=\"font-size: 10pt\"><strong><span style=\"font-family: verdana, geneva, sans-serif\">Rates % (Taxas %); Number of Persons in Thousands (N\u00famero de Pessoas em Milhares); Euro Area (Zona Euro); EU (Uni\u00e3o Europeia \u2013 UE); : (Dados N\u00e3o Dispon\u00edveis).<\/span><\/strong><\/span><\/p>\n<p style=\"text-align: center\"><span style=\"font-size: 10pt\"><strong><span style=\"font-family: verdana, geneva, sans-serif\">Nota: Iceland (Isl\u00e2ndia), Norway (Noruega) e Switzerland (Su\u00ed\u00e7a) n\u00e3o fazem parte da UE.<\/span><\/strong><\/span><\/p>\n<p style=\"text-align: center\"><span style=\"font-size: 10pt\"><strong><span style=\"font-family: verdana, geneva, sans-serif\">Fonte: Eurostat.<\/span><\/strong><\/span><\/p>\n<p>&nbsp;<\/p>\n<p><span style=\"font-family: verdana, geneva, sans-serif;font-size: 14pt\">Em fevereiro de 2023, a taxa de desemprego dos jovens (abaixo de 25 anos) foi de 14.5% na UE (acima dos 14.4% do m\u00eas anterior) e 14.4% na zona euro (est\u00e1vel em rela\u00e7\u00e3o ao m\u00eas anterior).<\/span><\/p>\n<p>&nbsp;<\/p>\n<p style=\"text-align: center\"><strong><span style=\"font-family: verdana, geneva, sans-serif;font-size: 14pt\">Figura 3 \u2013 Taxa de Desemprego dos Jovens (Abaixo de 25 Anos) da UE e da Zona Euro<\/span><\/strong><\/p>\n<p><a href=\"https:\/\/blogger.googleusercontent.com\/img\/b\/R29vZ2xl\/AVvXsEiw7NiRXugRdtT-QuJ5nSnKZ8dicU_zYYJet1udg7fGyCruGUXJfapzjHW-nX-V5MKRqUek02_QIiMQ890VzjZ24sDPzWt4ci5tcmmfrf4LXq0_3jSJeG_e_-WHodDMoWSnQ8NvzzId2DkgPzIFZ3PiNNKCVctRwDIAgm4rPnepdYkORVURqlQh1fCYfw\/s686\/3.png\" target=\"_blank\" rel=\"noopener\"><img decoding=\"async\" class=\"aligncenter size-medium\" src=\"https:\/\/blogger.googleusercontent.com\/img\/b\/R29vZ2xl\/AVvXsEiw7NiRXugRdtT-QuJ5nSnKZ8dicU_zYYJet1udg7fGyCruGUXJfapzjHW-nX-V5MKRqUek02_QIiMQ890VzjZ24sDPzWt4ci5tcmmfrf4LXq0_3jSJeG_e_-WHodDMoWSnQ8NvzzId2DkgPzIFZ3PiNNKCVctRwDIAgm4rPnepdYkORVURqlQh1fCYfw\/s686\/3.png\" width=\"686\" height=\"469\" \/><\/a><\/p>\n<p style=\"text-align: center\"><span style=\"font-size: 10pt\"><strong><span style=\"font-family: verdana, geneva, sans-serif\">Zona Euro (Linha Vermelha); UE (Linha Azul).<\/span><\/strong><\/span><\/p>\n<p style=\"text-align: center\"><span style=\"font-size: 10pt\"><strong><span style=\"font-family: verdana, geneva, sans-serif\">Fonte: Eurostat.<\/span><\/strong><\/span><\/p>\n<p>&nbsp;<\/p>\n<p><span style=\"font-family: verdana, geneva, sans-serif;font-size: 14pt\">Em fevereiro de 2023, 2,799 milh\u00f5es de jovens estavam desempregados na UE (dos quais 2,283 milh\u00f5es na zona euro). Em rela\u00e7\u00e3o a janeiro de 2023, o desemprego jovem aumentou 22 mil na UE e 2 mil na zona euro. Em rela\u00e7\u00e3o a fevereiro de 2022, aumentou 173 mil na UE e 125 mil na zona euro.<\/span><\/p>\n<p>&nbsp;<\/p>\n<p><span style=\"font-family: verdana, geneva, sans-serif;font-size: 14pt\">Em Portugal, a taxa do desemprego jovem foi de 18.8% em fevereiro de 2023, com 70 mil jovens desempregados.<\/span><\/p>\n<p>&nbsp;<\/p>\n<p style=\"text-align: center\"><strong><span style=\"font-family: verdana, geneva, sans-serif;font-size: 14pt\">Figura 4 \u2013 Taxas e Total do Desemprego dos Jovens (Menores de 25 Anos) da UE e da Zona Euro<\/span><\/strong><\/p>\n<p><a href=\"https:\/\/blogger.googleusercontent.com\/img\/b\/R29vZ2xl\/AVvXsEiQoiqr8AoN6G2gmFNirrMLpceScWSs_epspgYxgsMSDNNjutnaPGWBVyp4ATy0X9gQqtQI9iWhz7hs-XZvYlCnsOjW_oTwjSb2I0mynIi_C0Lh1sOAeIhgBiKU1GQmBVNNsHSf54bfHhOWD4EXlBzF-B7pUiYWXgglbcp6Sc4B8ijpUZ_h0bU8-qp6UA\/s1019\/4.png\" target=\"_blank\" rel=\"noopener\"><img loading=\"lazy\" decoding=\"async\" class=\"aligncenter size-medium\" src=\"https:\/\/blogger.googleusercontent.com\/img\/b\/R29vZ2xl\/AVvXsEiQoiqr8AoN6G2gmFNirrMLpceScWSs_epspgYxgsMSDNNjutnaPGWBVyp4ATy0X9gQqtQI9iWhz7hs-XZvYlCnsOjW_oTwjSb2I0mynIi_C0Lh1sOAeIhgBiKU1GQmBVNNsHSf54bfHhOWD4EXlBzF-B7pUiYWXgglbcp6Sc4B8ijpUZ_h0bU8-qp6UA\/s1019\/4.png\" width=\"1019\" height=\"657\" \/><\/a><\/p>\n<p style=\"text-align: center\"><span style=\"font-size: 10pt\"><strong><span style=\"font-family: verdana, geneva, sans-serif\">Rates % (Taxas %); Number of Persons in Thousands (N\u00famero de Pessoas em Milhares); Euro Area (Zona Euro); EU (Uni\u00e3o Europeia \u2013 UE); : (Dados n\u00e3o Dispon\u00edveis).<\/span><\/strong><\/span><\/p>\n<p style=\"text-align: center\"><span style=\"font-size: 10pt\"><strong><span style=\"font-family: verdana, geneva, sans-serif\">Nota : Iceland (Isl\u00e2ndia), Norway (Noruega) e Switzerland (Su\u00ed\u00e7a) n\u00e3o fazem parte da UE.<\/span><\/strong><\/span><\/p>\n<p style=\"text-align: center\"><span style=\"font-size: 10pt\"><strong><span style=\"font-family: verdana, geneva, sans-serif\">Nota 2: B\u00e9lgica, Cro\u00e1cia, Chipre, Rom\u00e9nia e Eslov\u00e9nia (Dados Trimestrais).<\/span><\/strong><\/span><\/p>\n<p style=\"text-align: center\"><span style=\"font-size: 10pt\"><strong><span style=\"font-family: verdana, geneva, sans-serif\">Fonte: Eurostat.<\/span><\/strong><\/span><\/p>\n<p>&nbsp;<\/p>\n<p><span style=\"font-family: verdana, geneva, sans-serif;font-size: 14pt\">Em fevereiro de 2023, a taxa de desemprego das mulheres foi de 6.4% na UE (est\u00e1vel em rela\u00e7\u00e3o ao m\u00eas anterior); a dos homens, 5.7% (tamb\u00e9m est\u00e1vel em rela\u00e7\u00e3o ao m\u00eas anterior). Na zona euro, a taxa de desemprego das mulheres foi de 7% (abaixo dos 7.1% registados no m\u00eas anterior); a dos homens, 6.2% (est\u00e1vel face ao m\u00eas anterior).<\/span><\/p>\n<p>&nbsp;<\/p>\n<p><span style=\"font-family: verdana, geneva, sans-serif;font-size: 14pt\">Em Portugal, a taxa de desemprego das mulheres foi de 7.2% em fevereiro de 2023 (no m\u00eas anterior, a taxa foi de 7.5%); a dos homens, 6.5% (est\u00e1vel em rela\u00e7\u00e3o ao m\u00eas anterior).<\/span><\/p>\n<p>&nbsp;<\/p>\n<p style=\"text-align: center\"><strong><span style=\"font-family: verdana, geneva, sans-serif;font-size: 14pt\">Figura 5 \u2013 Taxa de Desemprego da Zona Euro e da UE, por G\u00e9nero<\/span><\/strong><\/p>\n<p><a href=\"https:\/\/blogger.googleusercontent.com\/img\/b\/R29vZ2xl\/AVvXsEjNfZEl6UTGWUf-HZ5raS4GItYuPWmuEyggNF0LxCMKOaDIuMdJfdZ3ZqOfMxpgl3RHYQFFILCdzDvlCb21bcZH7j_ATMLO3eLTkfv34le47JsIUwufzOgV2VADmqXHYwSfbvYR90W9h646uI7z16GqqGNM35O2ZsbM1DEk11KptW07dy3yYcfYg6zfOQ\/s1019\/5.png\" target=\"_blank\" rel=\"noopener\"><img loading=\"lazy\" decoding=\"async\" class=\"aligncenter size-medium\" src=\"https:\/\/blogger.googleusercontent.com\/img\/b\/R29vZ2xl\/AVvXsEjNfZEl6UTGWUf-HZ5raS4GItYuPWmuEyggNF0LxCMKOaDIuMdJfdZ3ZqOfMxpgl3RHYQFFILCdzDvlCb21bcZH7j_ATMLO3eLTkfv34le47JsIUwufzOgV2VADmqXHYwSfbvYR90W9h646uI7z16GqqGNM35O2ZsbM1DEk11KptW07dy3yYcfYg6zfOQ\/s1019\/5.png\" width=\"1019\" height=\"633\" \/><\/a><\/p>\n<p style=\"text-align: center\"><span style=\"font-size: 10pt\"><strong><span style=\"font-family: verdana, geneva, sans-serif\">Males (Homens); Females (Mulheres); Euro Area (Zona Euro); EU (Uni\u00e3o Europeia \u2013 UE); : (Dados n\u00e3o Dispon\u00edveis).<\/span><\/strong><\/span><\/p>\n<p style=\"text-align: center\"><span style=\"font-size: 10pt\"><strong><span style=\"font-family: verdana, geneva, sans-serif\">Nota: Iceland (Isl\u00e2ndia), Norway (Noruega) e Switzerland (Su\u00ed\u00e7a) n\u00e3o fazem parte da UE.<\/span><\/strong><\/span><\/p>\n<p style=\"text-align: center\"><span style=\"font-size: 10pt\"><strong><span style=\"font-family: verdana, geneva, sans-serif\">Fonte: Eurostat.<\/span><\/strong><\/span><\/p>\n<p>&nbsp;<\/p>\n<p>&nbsp;<\/p>\n<p><span style=\"font-family: verdana, geneva, sans-serif;font-size: 14pt\">Andr\u00e9 Marques<\/span><\/p>\n","protected":false},"excerpt":{"rendered":"<p>Nota: \u00c9 importante destacar que as taxas de desemprego divulgadas pelos governos (seja da Uni\u00e3o Europeia, dos EUA, do Brasil, ou de qualquer outro local), tendem a ser menores do que a real taxa de desemprego. Isto ocorre devido, por exemplo, a estas taxas n\u00e3o contarem as pessoas desencorajadas (que pararam de procurar emprego e [&hellip;]<\/p>\n","protected":false},"author":4,"featured_media":243004,"comment_status":"open","ping_status":"open","sticky":false,"template":"","format":"standard","meta":{"inline_featured_image":false,"site-sidebar-layout":"default","site-content-layout":"default","ast-site-content-layout":"","site-content-style":"default","site-sidebar-style":"default","ast-global-header-display":"","ast-banner-title-visibility":"","ast-main-header-display":"","ast-hfb-above-header-display":"","ast-hfb-below-header-display":"","ast-hfb-mobile-header-display":"","site-post-title":"","ast-breadcrumbs-content":"","ast-featured-img":"","footer-sml-layout":"","theme-transparent-header-meta":"default","adv-header-id-meta":"","stick-header-meta":"","header-above-stick-meta":"","header-main-stick-meta":"","header-below-stick-meta":"","astra-migrate-meta-layouts":"default","ast-page-background-enabled":"default","ast-page-background-meta":{"desktop":{"background-color":"var(--ast-global-color-4)","background-image":"","background-repeat":"repeat","background-position":"center center","background-size":"auto","background-attachment":"scroll","background-type":"","background-media":"","overlay-type":"","overlay-color":"","overlay-opacity":"","overlay-gradient":""},"tablet":{"background-color":"","background-image":"","background-repeat":"repeat","background-position":"center center","background-size":"auto","background-attachment":"scroll","background-type":"","background-media":"","overlay-type":"","overlay-color":"","overlay-opacity":"","overlay-gradient":""},"mobile":{"background-color":"","background-image":"","background-repeat":"repeat","background-position":"center center","background-size":"auto","background-attachment":"scroll","background-type":"","background-media":"","overlay-type":"","overlay-color":"","overlay-opacity":"","overlay-gradient":""}},"ast-content-background-meta":{"desktop":{"background-color":"var(--ast-global-color-5)","background-image":"","background-repeat":"repeat","background-position":"center center","background-size":"auto","background-attachment":"scroll","background-type":"","background-media":"","overlay-type":"","overlay-color":"","overlay-opacity":"","overlay-gradient":""},"tablet":{"background-color":"var(--ast-global-color-5)","background-image":"","background-repeat":"repeat","background-position":"center center","background-size":"auto","background-attachment":"scroll","background-type":"","background-media":"","overlay-type":"","overlay-color":"","overlay-opacity":"","overlay-gradient":""},"mobile":{"background-color":"var(--ast-global-color-5)","background-image":"","background-repeat":"repeat","background-position":"center center","background-size":"auto","background-attachment":"scroll","background-type":"","background-media":"","overlay-type":"","overlay-color":"","overlay-opacity":"","overlay-gradient":""}},"footnotes":""},"categories":[1],"tags":[],"class_list":["post-244309","post","type-post","status-publish","format-standard","has-post-thumbnail","hentry","category-sem-categoria"],"_links":{"self":[{"href":"https:\/\/elementum.pt\/pt-pt\/wp-json\/wp\/v2\/posts\/244309","targetHints":{"allow":["GET"]}}],"collection":[{"href":"https:\/\/elementum.pt\/pt-pt\/wp-json\/wp\/v2\/posts"}],"about":[{"href":"https:\/\/elementum.pt\/pt-pt\/wp-json\/wp\/v2\/types\/post"}],"author":[{"embeddable":true,"href":"https:\/\/elementum.pt\/pt-pt\/wp-json\/wp\/v2\/users\/4"}],"replies":[{"embeddable":true,"href":"https:\/\/elementum.pt\/pt-pt\/wp-json\/wp\/v2\/comments?post=244309"}],"version-history":[{"count":0,"href":"https:\/\/elementum.pt\/pt-pt\/wp-json\/wp\/v2\/posts\/244309\/revisions"}],"wp:featuredmedia":[{"embeddable":true,"href":"https:\/\/elementum.pt\/pt-pt\/wp-json\/wp\/v2\/media\/243004"}],"wp:attachment":[{"href":"https:\/\/elementum.pt\/pt-pt\/wp-json\/wp\/v2\/media?parent=244309"}],"wp:term":[{"taxonomy":"category","embeddable":true,"href":"https:\/\/elementum.pt\/pt-pt\/wp-json\/wp\/v2\/categories?post=244309"},{"taxonomy":"post_tag","embeddable":true,"href":"https:\/\/elementum.pt\/pt-pt\/wp-json\/wp\/v2\/tags?post=244309"}],"curies":[{"name":"wp","href":"https:\/\/api.w.org\/{rel}","templated":true}]}}