{"id":244280,"date":"2023-03-23T12:16:51","date_gmt":"2023-03-23T12:16:51","guid":{"rendered":"https:\/\/elementum.pt\/?p=244280"},"modified":"2023-03-23T12:16:51","modified_gmt":"2023-03-23T12:16:51","slug":"taxa-de-inflacao-anual-da-zona-euro-diminuiu-para-8-5-em-fevereiro-de-2023","status":"publish","type":"post","link":"https:\/\/elementum.pt\/pt-pt\/taxa-de-inflacao-anual-da-zona-euro-diminuiu-para-8-5-em-fevereiro-de-2023\/","title":{"rendered":"Taxa de Infla\u00e7\u00e3o Anual da Zona Euro Diminuiu para 8.5% em Fevereiro de 2023"},"content":{"rendered":"<p><span style=\"font-family: verdana, geneva, sans-serif;font-size: 14pt\"><a href=\"https:\/\/ec.europa.eu\/eurostat\/documents\/2995521\/16310161\/2-17032023-AP-EN.pdf\/abc8d4fa-c8d5-bc3e-8fd1-96bba16e1c8f\" target=\"_blank\" rel=\"noopener\">Segundo a Eurostat<\/a>, a taxa de infla\u00e7\u00e3o anual da zona euro diminuiu para 8.5% em fevereiro de 2023, face aos 8.6% do <a href=\"https:\/\/elementum.pt\/pt-pt\/taxa-de-inflacao-anual-da-zona-euro-diminuiu-para-8-6-em-janeiro-de-2023\/\" target=\"_blank\" rel=\"noopener\">m\u00eas anterior<\/a>. Em fevereiro de 2022, a taxa foi de 5.9%.\u00a0 A taxa de infla\u00e7\u00e3o anual da UE foi de 9.9% em fevereiro de 2023, abaixo dos 10% do m\u00eas anterior. Em fevereiro de 2022, a taxa foi de 6.2%.<\/span><\/p>\n<p>&nbsp;<\/p>\n<p style=\"text-align: center\"><strong><span style=\"font-family: verdana, geneva, sans-serif;font-size: 14pt\">Figura 1 \u2013 Taxa de Infla\u00e7\u00e3o Anual da UE e da Zona Euro<\/span><\/strong><\/p>\n<p><a href=\"https:\/\/blogger.googleusercontent.com\/img\/b\/R29vZ2xl\/AVvXsEgy2OwcVGwEXfe4o5yfd17F4DLtAcVfQ9RWxlyoS2Rxgzst10r-FQtE3mYFLcaRBaYCjhed5ZcPGT9Lmeqg3mhXSm8Z1AyJ3KBQuiHgLW0SIK0aEqzP5eAKcypWTSsuAkzVSzkTQQ0H-IcxZxi0scMfmfSOcd5JXc5zjanax0rnzYcCaKUsSc7SO_bY6Q\/s685\/1.png\" target=\"_blank\" rel=\"noopener\"><img fetchpriority=\"high\" decoding=\"async\" class=\"aligncenter size-medium\" src=\"https:\/\/blogger.googleusercontent.com\/img\/b\/R29vZ2xl\/AVvXsEgy2OwcVGwEXfe4o5yfd17F4DLtAcVfQ9RWxlyoS2Rxgzst10r-FQtE3mYFLcaRBaYCjhed5ZcPGT9Lmeqg3mhXSm8Z1AyJ3KBQuiHgLW0SIK0aEqzP5eAKcypWTSsuAkzVSzkTQQ0H-IcxZxi0scMfmfSOcd5JXc5zjanax0rnzYcCaKUsSc7SO_bY6Q\/s685\/1.png\" width=\"685\" height=\"213\" \/><\/a><\/p>\n<p style=\"text-align: center\"><span style=\"font-size: 10pt\"><strong><span style=\"font-family: verdana, geneva, sans-serif\">Zona Euro (Linha Vermelha); Uni\u00e3o Europeia (Linha Azul Tracejada).<\/span><\/strong><\/span><\/p>\n<p style=\"text-align: center\"><span style=\"font-size: 10pt\"><strong><span style=\"font-family: verdana, geneva, sans-serif\">Fonte: Eurostat.<\/span><\/strong><\/span><\/p>\n<p>&nbsp;<\/p>\n<p><span style=\"font-family: verdana, geneva, sans-serif;font-size: 14pt\">As taxas anuais mais baixas registaram-se em Luxemburgo (4.8%), B\u00e9lgica (5.4%) e Espanha (6%). As taxas anuais mais elevadas foram registadas em Hungria (25.8%), Let\u00f3nia (20.1%) e Rep\u00fablica Checa (18.4%). Em rela\u00e7\u00e3o a janeiro de 2023, a infla\u00e7\u00e3o anual diminuiu em 15 membros da UE, manteve-se est\u00e1vel em dois e aumentou em dez.<\/span><\/p>\n<p>&nbsp;<\/p>\n<p><span style=\"font-family: verdana, geneva, sans-serif;font-size: 14pt\">Em Portugal, a taxa foi de 8.6%.<\/span><\/p>\n<p>&nbsp;<\/p>\n<p><span style=\"font-family: verdana, geneva, sans-serif;font-size: 14pt\">Estes valores s\u00e3o medidos pelo Harmonised Index of Consumer Prices (HICP) ou \u00cdndice Harmonizado de Pre\u00e7os no Consumidor (IHPC), que \u00e9 o \u00edndice que mede as altera\u00e7\u00f5es nos pre\u00e7os de bens e servi\u00e7os adquiridos, usados ou pagos pelas fam\u00edlias da zona euro. O termo \u2018harmonizado\u2019 refere-se ao facto de que todos os pa\u00edses da Uni\u00e3o Europeia (UE) seguem a mesma metodologia.<\/span><\/p>\n<p>&nbsp;<\/p>\n<p style=\"text-align: center\"><strong><span style=\"font-family: verdana, geneva, sans-serif;font-size: 14pt\">Figura 2 \u2013 Taxa de Infla\u00e7\u00e3o Anual dos Membros da UE (Fevereiro de 2023)<\/span><\/strong><\/p>\n<p><a href=\"https:\/\/blogger.googleusercontent.com\/img\/b\/R29vZ2xl\/AVvXsEhBDWkmFV9WN7aLSoNLn5GRSYlW_bBB6eW2ICCrAQwfWE3QvXcbhxHFT5WrfyMgfP_c09vGE2xlURUDamdFxvSB8etKZyigQALTZjkF-dgyPSTX_k0Duvu_slnqrrv_khg67P9PuwsZ9hQztYMCN_YjvNi86eJQWama5ppZ3PVv7Mu-OJiT8wI2r98PhA\/s688\/2.png\" target=\"_blank\" rel=\"noopener\"><img decoding=\"async\" class=\"aligncenter size-medium\" src=\"https:\/\/blogger.googleusercontent.com\/img\/b\/R29vZ2xl\/AVvXsEhBDWkmFV9WN7aLSoNLn5GRSYlW_bBB6eW2ICCrAQwfWE3QvXcbhxHFT5WrfyMgfP_c09vGE2xlURUDamdFxvSB8etKZyigQALTZjkF-dgyPSTX_k0Duvu_slnqrrv_khg67P9PuwsZ9hQztYMCN_YjvNi86eJQWama5ppZ3PVv7Mu-OJiT8wI2r98PhA\/s688\/2.png\" width=\"688\" height=\"284\" \/><\/a><\/p>\n<p style=\"text-align: center\"><span style=\"font-size: 10pt\"><strong><span style=\"font-family: verdana, geneva, sans-serif\">Zona Euro (Vermelho); UE (Azul); Membros da UE (Verde).<\/span><\/strong><\/span><\/p>\n<p style=\"text-align: center\"><span style=\"font-size: 10pt\"><strong><span style=\"font-family: verdana, geneva, sans-serif\">Fonte: Eurostat.<\/span><\/strong><\/span><\/p>\n<p>&nbsp;<\/p>\n<p style=\"text-align: center\"><strong><span style=\"font-family: verdana, geneva, sans-serif;font-size: 14pt\">Figura 3 \u2013 Taxa de Infla\u00e7\u00e3o Anual e Mensal (Fevereiro de 2023) dos Membros da UE Medida pelo HICP<\/span><\/strong><\/p>\n<p><a href=\"https:\/\/blogger.googleusercontent.com\/img\/b\/R29vZ2xl\/AVvXsEgso0s9-jJhiVOKEBkF8FN2YLjBMrUGKLsRAnoQodaURiIJ3WJXBGrB9ctxQEnH7HAzuTZ9rT3aPKQYcLasromi5p_8StLPFxm3e9vCp-fbpEKRQY-g678_my3RY49xQgYPSc8f2HSuBvgMwUVvK1FWJSoJXbU0HPPa0DEL-aBJdnFgJ28v93P3tPQahw\/s754\/3.png\" target=\"_blank\" rel=\"noopener\"><img decoding=\"async\" class=\"aligncenter size-medium\" src=\"https:\/\/blogger.googleusercontent.com\/img\/b\/R29vZ2xl\/AVvXsEgso0s9-jJhiVOKEBkF8FN2YLjBMrUGKLsRAnoQodaURiIJ3WJXBGrB9ctxQEnH7HAzuTZ9rT3aPKQYcLasromi5p_8StLPFxm3e9vCp-fbpEKRQY-g678_my3RY49xQgYPSc8f2HSuBvgMwUVvK1FWJSoJXbU0HPPa0DEL-aBJdnFgJ28v93P3tPQahw\/s754\/3.png\" width=\"684\" height=\"754\" \/><\/a><\/p>\n<p style=\"text-align: center\"><span style=\"font-size: 10pt\"><strong><span style=\"font-family: verdana, geneva, sans-serif\">Annual Rate (Taxa Anual); Monthly Rate (Taxa Mensal).<\/span><\/strong><\/span><\/p>\n<p style=\"text-align: center\"><span style=\"font-size: 10pt\"><strong><span style=\"font-family: verdana, geneva, sans-serif\">Nota: Iceland (Isl\u00e2ndia), Norway (Noruega) e Switzerland (Su\u00ed\u00e7a) n\u00e3o fazem parte da UE.<\/span><\/strong><\/span><\/p>\n<p style=\"text-align: center\"><span style=\"font-size: 10pt\"><strong><span style=\"font-family: verdana, geneva, sans-serif\">Fonte: Eurostat.<\/span><\/strong><\/span><\/p>\n<p>&nbsp;<\/p>\n<p><span style=\"font-family: verdana, geneva, sans-serif;font-size: 14pt\">Em fevereiro de 2023, a maior contribui\u00e7\u00e3o para a taxa de infla\u00e7\u00e3o anual da zona euro veio dos alimentos, \u00e1lcool e tabaco (+3.1%), seguidos dos servi\u00e7os (+2.02%), non-energy industrial goods \u2013 NEIG (+1.74%) e energia (+1.64%).<\/span><\/p>\n<p>&nbsp;<\/p>\n<p><span style=\"font-family: verdana, geneva, sans-serif;font-size: 14pt\">O NEIG (bens industriais n\u00e3o energ\u00e9ticos) cont\u00e9m tr\u00eas componentes: 1- bens n\u00e3o dur\u00e1veis (ex: bens eletr\u00f3nicos para cuidados pessoais, produtos farmac\u00eauticos, jornais), representando 27% do NEIG; 2- bens semi dur\u00e1veis (ex: roupas e cal\u00e7ados, livros, equipamentos recreativos), representando 39% do NEIG; 3- bens dur\u00e1veis (ex: carros, m\u00f3veis, eletrodom\u00e9sticos, computadores), representando 34% do NEIG.<\/span><\/p>\n<p>&nbsp;<\/p>\n<p style=\"text-align: center\"><strong><span style=\"font-family: verdana, geneva, sans-serif;font-size: 14pt\">Figura 4 \u2013 Contribui\u00e7\u00e3o Mensal para a Taxa de Infla\u00e7\u00e3o Anual da Zona Euro por Componentes<\/span><\/strong><\/p>\n<p><a href=\"https:\/\/blogger.googleusercontent.com\/img\/b\/R29vZ2xl\/AVvXsEihWx81Ctxl6XSaeLodz1sr5u42FHbSlt-Oba0BQc5OvhI-mAKU8QMZ_4nzXIEHE4CUF-PYGkE3yFJCUGYqPcS6CVQ6ILAa9WOraOUduY1EEipZue0kTu6vdLpSL8xBYLxZbqlWO3w33TmQAvp1FPBXTj35_fdeUdfxudYrZOEs4JYgAl3084HA3LOntQ\/s626\/4.png\" target=\"_blank\" rel=\"noopener\"><img loading=\"lazy\" decoding=\"async\" class=\"aligncenter size-medium\" src=\"https:\/\/blogger.googleusercontent.com\/img\/b\/R29vZ2xl\/AVvXsEihWx81Ctxl6XSaeLodz1sr5u42FHbSlt-Oba0BQc5OvhI-mAKU8QMZ_4nzXIEHE4CUF-PYGkE3yFJCUGYqPcS6CVQ6ILAa9WOraOUduY1EEipZue0kTu6vdLpSL8xBYLxZbqlWO3w33TmQAvp1FPBXTj35_fdeUdfxudYrZOEs4JYgAl3084HA3LOntQ\/s626\/4.png\" width=\"626\" height=\"213\" \/><\/a><\/p>\n<p style=\"text-align: center\"><span style=\"font-size: 10pt\"><strong><span style=\"font-family: verdana, geneva, sans-serif\">Fonte: Eurostat.<\/span><\/strong><\/span><\/p>\n<p>&nbsp;<\/p>\n<p><span style=\"font-family: verdana, geneva, sans-serif;font-size: 14pt\">Em fevereiro de 2023, o componente com a maior taxa de infla\u00e7\u00e3o anual na zona euro foi o dos alimentos processados, \u00e1lcool e tabaco (15.4%); o menor, o dos servi\u00e7os (4.8%).<\/span><\/p>\n<p>&nbsp;<\/p>\n<p style=\"text-align: center\"><strong><span style=\"font-family: verdana, geneva, sans-serif;font-size: 14pt\">Figura 5 \u2013 Taxa de Infla\u00e7\u00e3o da Zona Euro por Componentes<\/span><\/strong><\/p>\n<p><a href=\"https:\/\/blogger.googleusercontent.com\/img\/b\/R29vZ2xl\/AVvXsEhHuGWUPji76too47jSPtKp01azn6DqtF5J4GRYfiOdHPayBMz5b3jSqJ3n9Ck_HyEmOkkQLeZ8V4hPO3X5c6q4j-RTx732icWPxjR7vT1msie9oRPrhYpJIRdBcd8bjDX0UbBKbm5Yooom_Jxe3_covPYcYRtjSrYnlN8L6g-4JigsJKQDCpgD1z1PWw\/s704\/5.png\" target=\"_blank\" rel=\"noopener\"><img loading=\"lazy\" decoding=\"async\" class=\"aligncenter size-medium\" src=\"https:\/\/blogger.googleusercontent.com\/img\/b\/R29vZ2xl\/AVvXsEhHuGWUPji76too47jSPtKp01azn6DqtF5J4GRYfiOdHPayBMz5b3jSqJ3n9Ck_HyEmOkkQLeZ8V4hPO3X5c6q4j-RTx732icWPxjR7vT1msie9oRPrhYpJIRdBcd8bjDX0UbBKbm5Yooom_Jxe3_covPYcYRtjSrYnlN8L6g-4JigsJKQDCpgD1z1PWw\/s704\/5.png\" width=\"704\" height=\"407\" \/><\/a><\/p>\n<p style=\"text-align: center\"><span style=\"font-size: 10pt\"><strong><span style=\"font-family: verdana, geneva, sans-serif\">Fonte: Eurostat.<\/span><\/strong><\/span><\/p>\n<p>&nbsp;<\/p>\n<p>&nbsp;<\/p>\n<p><span style=\"font-family: verdana, geneva, sans-serif;font-size: 14pt\">Andr\u00e9 Marques<\/span><\/p>\n","protected":false},"excerpt":{"rendered":"<p>Segundo a Eurostat, a taxa de infla\u00e7\u00e3o anual da zona euro diminuiu para 8.5% em fevereiro de 2023, face aos 8.6% do m\u00eas anterior. Em fevereiro de 2022, a taxa foi de 5.9%.\u00a0 A taxa de infla\u00e7\u00e3o anual da UE foi de 9.9% em fevereiro de 2023, abaixo dos 10% do m\u00eas anterior. Em fevereiro [&hellip;]<\/p>\n","protected":false},"author":4,"featured_media":239598,"comment_status":"open","ping_status":"open","sticky":false,"template":"","format":"standard","meta":{"inline_featured_image":false,"site-sidebar-layout":"default","site-content-layout":"default","ast-site-content-layout":"","site-content-style":"default","site-sidebar-style":"default","ast-global-header-display":"","ast-banner-title-visibility":"","ast-main-header-display":"","ast-hfb-above-header-display":"","ast-hfb-below-header-display":"","ast-hfb-mobile-header-display":"","site-post-title":"","ast-breadcrumbs-content":"","ast-featured-img":"","footer-sml-layout":"","theme-transparent-header-meta":"default","adv-header-id-meta":"","stick-header-meta":"","header-above-stick-meta":"","header-main-stick-meta":"","header-below-stick-meta":"","astra-migrate-meta-layouts":"default","ast-page-background-enabled":"default","ast-page-background-meta":{"desktop":{"background-color":"var(--ast-global-color-4)","background-image":"","background-repeat":"repeat","background-position":"center center","background-size":"auto","background-attachment":"scroll","background-type":"","background-media":"","overlay-type":"","overlay-color":"","overlay-opacity":"","overlay-gradient":""},"tablet":{"background-color":"","background-image":"","background-repeat":"repeat","background-position":"center center","background-size":"auto","background-attachment":"scroll","background-type":"","background-media":"","overlay-type":"","overlay-color":"","overlay-opacity":"","overlay-gradient":""},"mobile":{"background-color":"","background-image":"","background-repeat":"repeat","background-position":"center center","background-size":"auto","background-attachment":"scroll","background-type":"","background-media":"","overlay-type":"","overlay-color":"","overlay-opacity":"","overlay-gradient":""}},"ast-content-background-meta":{"desktop":{"background-color":"var(--ast-global-color-5)","background-image":"","background-repeat":"repeat","background-position":"center center","background-size":"auto","background-attachment":"scroll","background-type":"","background-media":"","overlay-type":"","overlay-color":"","overlay-opacity":"","overlay-gradient":""},"tablet":{"background-color":"var(--ast-global-color-5)","background-image":"","background-repeat":"repeat","background-position":"center center","background-size":"auto","background-attachment":"scroll","background-type":"","background-media":"","overlay-type":"","overlay-color":"","overlay-opacity":"","overlay-gradient":""},"mobile":{"background-color":"var(--ast-global-color-5)","background-image":"","background-repeat":"repeat","background-position":"center center","background-size":"auto","background-attachment":"scroll","background-type":"","background-media":"","overlay-type":"","overlay-color":"","overlay-opacity":"","overlay-gradient":""}},"footnotes":""},"categories":[1],"tags":[],"class_list":["post-244280","post","type-post","status-publish","format-standard","has-post-thumbnail","hentry","category-sem-categoria"],"_links":{"self":[{"href":"https:\/\/elementum.pt\/pt-pt\/wp-json\/wp\/v2\/posts\/244280","targetHints":{"allow":["GET"]}}],"collection":[{"href":"https:\/\/elementum.pt\/pt-pt\/wp-json\/wp\/v2\/posts"}],"about":[{"href":"https:\/\/elementum.pt\/pt-pt\/wp-json\/wp\/v2\/types\/post"}],"author":[{"embeddable":true,"href":"https:\/\/elementum.pt\/pt-pt\/wp-json\/wp\/v2\/users\/4"}],"replies":[{"embeddable":true,"href":"https:\/\/elementum.pt\/pt-pt\/wp-json\/wp\/v2\/comments?post=244280"}],"version-history":[{"count":0,"href":"https:\/\/elementum.pt\/pt-pt\/wp-json\/wp\/v2\/posts\/244280\/revisions"}],"wp:featuredmedia":[{"embeddable":true,"href":"https:\/\/elementum.pt\/pt-pt\/wp-json\/wp\/v2\/media\/239598"}],"wp:attachment":[{"href":"https:\/\/elementum.pt\/pt-pt\/wp-json\/wp\/v2\/media?parent=244280"}],"wp:term":[{"taxonomy":"category","embeddable":true,"href":"https:\/\/elementum.pt\/pt-pt\/wp-json\/wp\/v2\/categories?post=244280"},{"taxonomy":"post_tag","embeddable":true,"href":"https:\/\/elementum.pt\/pt-pt\/wp-json\/wp\/v2\/tags?post=244280"}],"curies":[{"name":"wp","href":"https:\/\/api.w.org\/{rel}","templated":true}]}}