{"id":244226,"date":"2023-02-24T17:13:56","date_gmt":"2023-02-24T17:13:56","guid":{"rendered":"https:\/\/elementum.pt\/?p=244226"},"modified":"2023-02-24T17:13:56","modified_gmt":"2023-02-24T17:13:56","slug":"taxa-de-inflacao-anual-da-zona-euro-diminuiu-para-8-6-em-janeiro-de-2023","status":"publish","type":"post","link":"https:\/\/elementum.pt\/pt-pt\/taxa-de-inflacao-anual-da-zona-euro-diminuiu-para-8-6-em-janeiro-de-2023\/","title":{"rendered":"Taxa de Infla\u00e7\u00e3o Anual da Zona Euro Diminuiu para 8.6% em Janeiro de 2023"},"content":{"rendered":"<p><span style=\"font-family: verdana, geneva, sans-serif;font-size: 14pt\"><a href=\"https:\/\/ec.europa.eu\/eurostat\/documents\/2995521\/16056046\/2-23022023-AP-EN.pdf\/4a097379-8598-01ff-12d8-75d72570ca85\" target=\"_blank\" rel=\"noopener\">Segundo a Eurostat<\/a>, a taxa de infla\u00e7\u00e3o anual da zona euro diminuiu para 8.6% em janeiro de 2023, face aos 9.2% do <a href=\"https:\/\/elementum.pt\/pt-pt\/taxa-de-inflacao-anual-da-zona-euro-diminuiu-para-9-2-em-dezembro-de-2022\/\" target=\"_blank\" rel=\"noopener\">m\u00eas anterior<\/a>. Em janeiro de 2022, a taxa foi de 5.1%. \u00a0A taxa de infla\u00e7\u00e3o anual da UE foi de 10% em janeiro de 2023, abaixo dos 10.4% do m\u00eas anterior. Em janeiro de 2022, a taxa foi de 5.6%.<\/span><\/p>\n<p>&nbsp;<\/p>\n<p style=\"text-align: center\"><strong><span style=\"font-family: verdana, geneva, sans-serif;font-size: 14pt\">Figura 1 \u2013 Taxa de Infla\u00e7\u00e3o Anual da UE e da Zona Euro<\/span><\/strong><\/p>\n<p><a href=\"https:\/\/blogger.googleusercontent.com\/img\/b\/R29vZ2xl\/AVvXsEh0cpAR0H5RgjFIsqFEertkvDHgP49mbTSdWYrmhOImBRBh9IxE_qvNcItOJp42IQhn7TvwjIPbIBPsuLewQ_gKxLsz6sINsAp69qMqSWROucmvfmTARLep4lm078--HeuAdnmFhXxPpebrh49wmThchf08zxALz-J-ZY2hm6roWulGm5liOSoy8LiQzw\/s679\/1.png\" target=\"_blank\" rel=\"noopener\"><img fetchpriority=\"high\" decoding=\"async\" class=\"aligncenter size-medium\" src=\"https:\/\/blogger.googleusercontent.com\/img\/b\/R29vZ2xl\/AVvXsEh0cpAR0H5RgjFIsqFEertkvDHgP49mbTSdWYrmhOImBRBh9IxE_qvNcItOJp42IQhn7TvwjIPbIBPsuLewQ_gKxLsz6sINsAp69qMqSWROucmvfmTARLep4lm078--HeuAdnmFhXxPpebrh49wmThchf08zxALz-J-ZY2hm6roWulGm5liOSoy8LiQzw\/s679\/1.png\" width=\"679\" height=\"210\" \/><\/a><\/p>\n<p style=\"text-align: center\"><span style=\"font-size: 10pt\"><strong><span style=\"font-family: verdana, geneva, sans-serif\">Zona Euro (Linha Vermelha); Uni\u00e3o Europeia (Linha Azul Tracejada).<\/span><\/strong><\/span><\/p>\n<p style=\"text-align: center\"><span style=\"font-size: 10pt\"><strong><span style=\"font-family: verdana, geneva, sans-serif\">Fonte: Eurostat.<\/span><\/strong><\/span><\/p>\n<p>&nbsp;<\/p>\n<p><span style=\"font-family: verdana, geneva, sans-serif;font-size: 14pt\">As taxas anuais mais baixas registaram-se em Luxemburgo (5.8%), Espanha (5.9%), Chipre e Malta (ambos 6.8%). As taxas anuais mais elevadas foram registadas em Hungria (26.2%), Let\u00f3nia (21.4%) e Rep\u00fablica Checa (19.1%). Em compara\u00e7\u00e3o ao m\u00eas anterior, a taxa anual diminuiu em 18 membros da UE e aumentou em nove.<\/span><\/p>\n<p>&nbsp;<\/p>\n<p><span style=\"font-family: verdana, geneva, sans-serif;font-size: 14pt\">Em Portugal, a taxa foi de 8.6%.<\/span><\/p>\n<p>&nbsp;<\/p>\n<p><span style=\"font-family: verdana, geneva, sans-serif;font-size: 14pt\">Estes valores s\u00e3o medidos pelo Harmonised Index of Consumer Prices (HICP) ou \u00cdndice Harmonizado de Pre\u00e7os no Consumidor (IHPC), que \u00e9 o \u00edndice que mede as altera\u00e7\u00f5es nos pre\u00e7os de bens e servi\u00e7os adquiridos, usados ou pagos pelas fam\u00edlias da zona euro. O termo \u2018harmonizado\u2019 refere-se ao facto de que todos os pa\u00edses da Uni\u00e3o Europeia (UE) seguem a mesma metodologia.<\/span><\/p>\n<p>&nbsp;<\/p>\n<p style=\"text-align: center\"><strong><span style=\"font-family: verdana, geneva, sans-serif;font-size: 14pt\">Figura 2 \u2013 Taxa de Infla\u00e7\u00e3o Anual dos Membros da UE (Janeiro de 2023)<\/span><\/strong><\/p>\n<p><a href=\"https:\/\/blogger.googleusercontent.com\/img\/b\/R29vZ2xl\/AVvXsEi-Ak8RGEzaGUpK2s0CzkpbAMBtelFjShXP-EeDqjX_5gYjalVEg5DHR5ITtStPXptg612gBl3RN5j7qQoo9ENJhaANqVGAtQ2O8ls51svX4FSJBFVoecUp1rdUEEhPp4o7MYuIYFt8YoY0o7TEkhnWrNqF6fEkxE2mZTWavuOKSZAhpnoPBaFP18VwLQ\/s688\/2.png\" target=\"_blank\" rel=\"noopener\"><img decoding=\"async\" class=\"aligncenter size-medium\" src=\"https:\/\/blogger.googleusercontent.com\/img\/b\/R29vZ2xl\/AVvXsEi-Ak8RGEzaGUpK2s0CzkpbAMBtelFjShXP-EeDqjX_5gYjalVEg5DHR5ITtStPXptg612gBl3RN5j7qQoo9ENJhaANqVGAtQ2O8ls51svX4FSJBFVoecUp1rdUEEhPp4o7MYuIYFt8YoY0o7TEkhnWrNqF6fEkxE2mZTWavuOKSZAhpnoPBaFP18VwLQ\/s688\/2.png\" width=\"688\" height=\"276\" \/><\/a><\/p>\n<p style=\"text-align: center\"><span style=\"font-size: 10pt\"><strong><span style=\"font-family: verdana, geneva, sans-serif\">Zona Euro (Vermelho); UE (Azul); Membros da UE (Verde).<\/span><\/strong><\/span><\/p>\n<p style=\"text-align: center\"><span style=\"font-size: 10pt\"><strong><span style=\"font-family: verdana, geneva, sans-serif\">Fonte: Eurostat.<\/span><\/strong><\/span><\/p>\n<p>&nbsp;<\/p>\n<p style=\"text-align: center\"><strong><span style=\"font-family: verdana, geneva, sans-serif;font-size: 14pt\">Figura 3 \u2013 Taxa de Infla\u00e7\u00e3o Anual e Mensal (Janeiro de 2023) dos Membros da UE Medida pelo HICP<\/span><\/strong><\/p>\n<p><a href=\"https:\/\/blogger.googleusercontent.com\/img\/b\/R29vZ2xl\/AVvXsEgQATyQ9k8MI6dd01JSe_M-UD5yK4MXX2ScQYoULHUqigcDO5qGVqA9NsXQBFnBFejDmNdFAnDF2C3c2nyNMIzkK3NsEy0Ybn_u0Q6QZehl748mQRcpzt71quk6Ght-xu3oggm7-rGryUlHPJoWXigetX3_ghK-SQea4SS1eoH6EKS4Ouue8xSgusIhhA\/s711\/3.png\" target=\"_blank\" rel=\"noopener\"><img decoding=\"async\" class=\"aligncenter size-medium\" src=\"https:\/\/blogger.googleusercontent.com\/img\/b\/R29vZ2xl\/AVvXsEgQATyQ9k8MI6dd01JSe_M-UD5yK4MXX2ScQYoULHUqigcDO5qGVqA9NsXQBFnBFejDmNdFAnDF2C3c2nyNMIzkK3NsEy0Ybn_u0Q6QZehl748mQRcpzt71quk6Ght-xu3oggm7-rGryUlHPJoWXigetX3_ghK-SQea4SS1eoH6EKS4Ouue8xSgusIhhA\/s711\/3.png\" width=\"684\" height=\"711\" \/><\/a><\/p>\n<p style=\"text-align: center\"><span style=\"font-size: 10pt\"><strong><span style=\"font-family: verdana, geneva, sans-serif\">Annual Rate (Taxa Anual); Monthly Rate (Taxa Mensal); p (Dado Provis\u00f3rio).<\/span><\/strong><\/span><\/p>\n<p style=\"text-align: center\"><span style=\"font-size: 10pt\"><strong><span style=\"font-family: verdana, geneva, sans-serif\">Nota: Iceland (Isl\u00e2ndia), Norway (Noruega) e Switzerland (Su\u00ed\u00e7a) n\u00e3o fazem parte da UE.<\/span><\/strong><\/span><\/p>\n<p style=\"text-align: center\"><span style=\"font-size: 10pt\"><strong><span style=\"font-family: verdana, geneva, sans-serif\">Fonte: Eurostat.<\/span><\/strong><\/span><\/p>\n<p>&nbsp;<\/p>\n<p><span style=\"font-family: verdana, geneva, sans-serif;font-size: 14pt\">Em janeiro de 2023 , a maior contribui\u00e7\u00e3o para a taxa de infla\u00e7\u00e3o anual da zona euro veio dos alimentos, \u00e1lcool e tabaco (+2.94%), seguindo-se a energia (+2.17%), os servi\u00e7os (+1,8%) e o non-energy industrial goods \u2013 NEIG (+1.73%).<\/span><\/p>\n<p>&nbsp;<\/p>\n<p><span style=\"font-family: verdana, geneva, sans-serif;font-size: 14pt\">O NEIG (bens industriais n\u00e3o energ\u00e9ticos) cont\u00e9m tr\u00eas componentes: 1- bens n\u00e3o dur\u00e1veis (ex: bens eletr\u00f3nicos para cuidados pessoais, produtos farmac\u00eauticos, jornais), representando 27% do NEIG; 2- bens semi dur\u00e1veis (ex: roupas e cal\u00e7ados, livros, equipamentos recreativos), representando 39% do NEIG; 3- bens dur\u00e1veis (ex: carros, m\u00f3veis, eletrodom\u00e9sticos, computadores), representando 34% do NEIG.<\/span><\/p>\n<p>&nbsp;<\/p>\n<p style=\"text-align: center\"><strong><span style=\"font-family: verdana, geneva, sans-serif;font-size: 14pt\">Figura 4 \u2013 Contribui\u00e7\u00e3o Mensal para a Taxa de Infla\u00e7\u00e3o Anual da Zona Euro por Componentes<\/span><\/strong><\/p>\n<p><a href=\"https:\/\/blogger.googleusercontent.com\/img\/b\/R29vZ2xl\/AVvXsEji67Vp4nfGY0BBuRuRvKs6EqXvKS8vDVOTtZ-uUskYS0twnThqIKO81dYgMGN0ACMhgiZN5OUhm7q7D7SJfaM-4N_UDBS-CFmsJn-JapLeX2vUupXrhMJBPf0PtekRBVRFduMAg2o3lI_oA0Bl03Uvz0sDY2Cq2s8vzWjCrfzctqp5F_RSll_D6Jbl-w\/s611\/4.png\" target=\"_blank\" rel=\"noopener\"><img loading=\"lazy\" decoding=\"async\" class=\"aligncenter size-medium\" src=\"https:\/\/blogger.googleusercontent.com\/img\/b\/R29vZ2xl\/AVvXsEji67Vp4nfGY0BBuRuRvKs6EqXvKS8vDVOTtZ-uUskYS0twnThqIKO81dYgMGN0ACMhgiZN5OUhm7q7D7SJfaM-4N_UDBS-CFmsJn-JapLeX2vUupXrhMJBPf0PtekRBVRFduMAg2o3lI_oA0Bl03Uvz0sDY2Cq2s8vzWjCrfzctqp5F_RSll_D6Jbl-w\/s611\/4.png\" width=\"611\" height=\"196\" \/><\/a><\/p>\n<p style=\"text-align: center\"><span style=\"font-size: 10pt\"><strong><span style=\"font-family: verdana, geneva, sans-serif\">Fonte: Eurostat.<\/span><\/strong><\/span><\/p>\n<p>&nbsp;<\/p>\n<p><span style=\"font-family: verdana, geneva, sans-serif;font-size: 14pt\">Em janeiro de 2023, o componente com a maior taxa de infla\u00e7\u00e3o anual na zona euro foi o da energia (18.9%); o menor, o dos servi\u00e7os (4.4%).<\/span><\/p>\n<p>&nbsp;<\/p>\n<p style=\"text-align: center\"><strong><span style=\"font-family: verdana, geneva, sans-serif;font-size: 14pt\">Figura 5 \u2013 Taxa de Infla\u00e7\u00e3o da Zona Euro por Componentes<\/span><\/strong><\/p>\n<p><a href=\"https:\/\/blogger.googleusercontent.com\/img\/b\/R29vZ2xl\/AVvXsEizyHIV-dY2G-VKJErssOBvErZNrjkXIOCseVLW_FVpjBTsS32JxMuolNCOYGCqK7W2xB5aYKZ5W1GCF_gPxsEiTouvdfcap_kpbMCXOeAKkGoZDhU4ATX_A5YyB-0n8m-pa8eE1ehmPEOUqhD7qCJGSYxSihVOc91cPzH5VYjDDK9jlX-_JeqHySg3uA\/s688\/5.png\" target=\"_blank\" rel=\"noopener\"><img loading=\"lazy\" decoding=\"async\" class=\"aligncenter size-medium\" src=\"https:\/\/blogger.googleusercontent.com\/img\/b\/R29vZ2xl\/AVvXsEizyHIV-dY2G-VKJErssOBvErZNrjkXIOCseVLW_FVpjBTsS32JxMuolNCOYGCqK7W2xB5aYKZ5W1GCF_gPxsEiTouvdfcap_kpbMCXOeAKkGoZDhU4ATX_A5YyB-0n8m-pa8eE1ehmPEOUqhD7qCJGSYxSihVOc91cPzH5VYjDDK9jlX-_JeqHySg3uA\/s688\/5.png\" width=\"688\" height=\"369\" \/><\/a><\/p>\n<p style=\"text-align: center\"><span style=\"font-size: 10pt\"><strong><span style=\"font-family: verdana, geneva, sans-serif\">Fonte: Eurostat.<\/span><\/strong><\/span><\/p>\n<p>&nbsp;<\/p>\n<p>&nbsp;<\/p>\n<p><span style=\"font-family: verdana, geneva, sans-serif;font-size: 14pt\">Andr\u00e9 Marques<\/span><\/p>\n","protected":false},"excerpt":{"rendered":"<p>Segundo a Eurostat, a taxa de infla\u00e7\u00e3o anual da zona euro diminuiu para 8.6% em janeiro de 2023, face aos 9.2% do m\u00eas anterior. Em janeiro de 2022, a taxa foi de 5.1%. \u00a0A taxa de infla\u00e7\u00e3o anual da UE foi de 10% em janeiro de 2023, abaixo dos 10.4% do m\u00eas anterior. Em janeiro [&hellip;]<\/p>\n","protected":false},"author":4,"featured_media":242969,"comment_status":"open","ping_status":"open","sticky":false,"template":"","format":"standard","meta":{"inline_featured_image":false,"site-sidebar-layout":"default","site-content-layout":"default","ast-site-content-layout":"","site-content-style":"default","site-sidebar-style":"default","ast-global-header-display":"","ast-banner-title-visibility":"","ast-main-header-display":"","ast-hfb-above-header-display":"","ast-hfb-below-header-display":"","ast-hfb-mobile-header-display":"","site-post-title":"","ast-breadcrumbs-content":"","ast-featured-img":"","footer-sml-layout":"","theme-transparent-header-meta":"default","adv-header-id-meta":"","stick-header-meta":"","header-above-stick-meta":"","header-main-stick-meta":"","header-below-stick-meta":"","astra-migrate-meta-layouts":"default","ast-page-background-enabled":"default","ast-page-background-meta":{"desktop":{"background-color":"var(--ast-global-color-4)","background-image":"","background-repeat":"repeat","background-position":"center center","background-size":"auto","background-attachment":"scroll","background-type":"","background-media":"","overlay-type":"","overlay-color":"","overlay-opacity":"","overlay-gradient":""},"tablet":{"background-color":"","background-image":"","background-repeat":"repeat","background-position":"center center","background-size":"auto","background-attachment":"scroll","background-type":"","background-media":"","overlay-type":"","overlay-color":"","overlay-opacity":"","overlay-gradient":""},"mobile":{"background-color":"","background-image":"","background-repeat":"repeat","background-position":"center center","background-size":"auto","background-attachment":"scroll","background-type":"","background-media":"","overlay-type":"","overlay-color":"","overlay-opacity":"","overlay-gradient":""}},"ast-content-background-meta":{"desktop":{"background-color":"var(--ast-global-color-5)","background-image":"","background-repeat":"repeat","background-position":"center center","background-size":"auto","background-attachment":"scroll","background-type":"","background-media":"","overlay-type":"","overlay-color":"","overlay-opacity":"","overlay-gradient":""},"tablet":{"background-color":"var(--ast-global-color-5)","background-image":"","background-repeat":"repeat","background-position":"center center","background-size":"auto","background-attachment":"scroll","background-type":"","background-media":"","overlay-type":"","overlay-color":"","overlay-opacity":"","overlay-gradient":""},"mobile":{"background-color":"var(--ast-global-color-5)","background-image":"","background-repeat":"repeat","background-position":"center center","background-size":"auto","background-attachment":"scroll","background-type":"","background-media":"","overlay-type":"","overlay-color":"","overlay-opacity":"","overlay-gradient":""}},"footnotes":""},"categories":[1],"tags":[],"class_list":["post-244226","post","type-post","status-publish","format-standard","has-post-thumbnail","hentry","category-sem-categoria"],"_links":{"self":[{"href":"https:\/\/elementum.pt\/pt-pt\/wp-json\/wp\/v2\/posts\/244226","targetHints":{"allow":["GET"]}}],"collection":[{"href":"https:\/\/elementum.pt\/pt-pt\/wp-json\/wp\/v2\/posts"}],"about":[{"href":"https:\/\/elementum.pt\/pt-pt\/wp-json\/wp\/v2\/types\/post"}],"author":[{"embeddable":true,"href":"https:\/\/elementum.pt\/pt-pt\/wp-json\/wp\/v2\/users\/4"}],"replies":[{"embeddable":true,"href":"https:\/\/elementum.pt\/pt-pt\/wp-json\/wp\/v2\/comments?post=244226"}],"version-history":[{"count":0,"href":"https:\/\/elementum.pt\/pt-pt\/wp-json\/wp\/v2\/posts\/244226\/revisions"}],"wp:featuredmedia":[{"embeddable":true,"href":"https:\/\/elementum.pt\/pt-pt\/wp-json\/wp\/v2\/media\/242969"}],"wp:attachment":[{"href":"https:\/\/elementum.pt\/pt-pt\/wp-json\/wp\/v2\/media?parent=244226"}],"wp:term":[{"taxonomy":"category","embeddable":true,"href":"https:\/\/elementum.pt\/pt-pt\/wp-json\/wp\/v2\/categories?post=244226"},{"taxonomy":"post_tag","embeddable":true,"href":"https:\/\/elementum.pt\/pt-pt\/wp-json\/wp\/v2\/tags?post=244226"}],"curies":[{"name":"wp","href":"https:\/\/api.w.org\/{rel}","templated":true}]}}