{"id":244200,"date":"2023-02-09T12:22:08","date_gmt":"2023-02-09T12:22:08","guid":{"rendered":"https:\/\/elementum.pt\/?p=244200"},"modified":"2023-02-09T12:22:08","modified_gmt":"2023-02-09T12:22:08","slug":"taxa-de-desemprego-da-zona-euro-permaneceu-em-6-6-em-dezembro-de-2022","status":"publish","type":"post","link":"https:\/\/elementum.pt\/pt-pt\/taxa-de-desemprego-da-zona-euro-permaneceu-em-6-6-em-dezembro-de-2022\/","title":{"rendered":"Taxa de Desemprego da Zona Euro Permaneceu em 6.6% em Dezembro de 2022"},"content":{"rendered":"<p><span style=\"font-family: verdana, geneva, sans-serif;font-size: 14pt\"><strong>Nota<\/strong>: \u00c9 importante destacar que as taxas de desemprego divulgadas pelos governos (seja da Uni\u00e3o Europeia, dos EUA, do Brasil, ou de qualquer outro local), tendem a ser menores do que a real taxa de desemprego. Isto ocorre devido, por exemplo, a estas taxas n\u00e3o contarem as pessoas desencorajadas (que pararam de procurar emprego e n\u00e3o est\u00e3o contadas na for\u00e7a de trabalho) e\/ou que est\u00e3o a realizar trabalhos ocasionais. Veja exemplos <a href=\"https:\/\/www.mises.org.br\/Article.aspx?id=1471\" target=\"_blank\" rel=\"noopener\">aqui<\/a>, <a href=\"https:\/\/mises.org.br\/Article.aspx?id=433\" target=\"_blank\" rel=\"noopener\">aqui<\/a> e <a href=\"https:\/\/youtu.be\/VmA1oXAGEIE\" target=\"_blank\" rel=\"noopener\">aqui<\/a>.<\/span><\/p>\n<p>&nbsp;<\/p>\n<p><span style=\"font-family: verdana, geneva, sans-serif;font-size: 14pt\"><a href=\"https:\/\/ec.europa.eu\/eurostat\/documents\/2995521\/15893630\/3-01022023-BP-EN.pdf\/e907214e-5496-dfa0-cd00-2d68dbf62f2b\" target=\"_blank\" rel=\"noopener\">Segundo a Eurostat<\/a>, em dezembro de 2022, a taxa de desemprego da zona euro foi de 6.6% (est\u00e1vel em rela\u00e7\u00e3o ao dado atualizado de <a href=\"https:\/\/elementum.pt\/pt-pt\/taxa-de-desemprego-da-zona-euro-permaneceu-em-6-5-em-novembro-de-2022\/\" target=\"_blank\" rel=\"noopener\">novembro de 2022<\/a>\u00a0e abaixo dos 7% em dezembro de 2021). A taxa de desemprego na UE foi de 6.1% em dezembro de 2022 (tamb\u00e9m est\u00e1vel em rela\u00e7\u00e3o ao dado atualizado de novembro de 2022 e abaixo dos 6.4% em dezembro de 2021.<\/span><\/p>\n<p>&nbsp;<\/p>\n<p style=\"text-align: center\"><strong><span style=\"font-family: verdana, geneva, sans-serif;font-size: 14pt\">Figura 1 \u2013 Taxa de Desemprego da UE e da Zona Euro<\/span><\/strong><\/p>\n<p><a href=\"https:\/\/blogger.googleusercontent.com\/img\/b\/R29vZ2xl\/AVvXsEiJQh5Qxop1sPTMibFvnzO8keok90doZRYZeb5L1teYZHxncKnZjHX5h99gOx3qZb8r7u56N7Eoe-CHioWlilrqzy3m3ILDoqlr9O0W9jzVM4e0SDjWKSgfbV98OnbqZDfmjKF6JGY7ZtsQfTfBug3RX6l-KMEYbna_PPgK0BezHcOf1LAs1o3Ao5nN5A\/s686\/1.png\" target=\"_blank\" rel=\"noopener\"><img fetchpriority=\"high\" decoding=\"async\" class=\"aligncenter size-medium\" src=\"https:\/\/blogger.googleusercontent.com\/img\/b\/R29vZ2xl\/AVvXsEiJQh5Qxop1sPTMibFvnzO8keok90doZRYZeb5L1teYZHxncKnZjHX5h99gOx3qZb8r7u56N7Eoe-CHioWlilrqzy3m3ILDoqlr9O0W9jzVM4e0SDjWKSgfbV98OnbqZDfmjKF6JGY7ZtsQfTfBug3RX6l-KMEYbna_PPgK0BezHcOf1LAs1o3Ao5nN5A\/s686\/1.png\" width=\"686\" height=\"467\" \/><\/a><\/p>\n<p style=\"text-align: center\"><span style=\"font-size: 10pt\"><strong><span style=\"font-family: verdana, geneva, sans-serif\">Zona Euro (Linha Vermelha); UE (Linha Azul).<\/span><\/strong><\/span><\/p>\n<p style=\"text-align: center\"><span style=\"font-size: 10pt\"><strong><span style=\"font-family: verdana, geneva, sans-serif\">Fonte: Eurostat.<\/span><\/strong><\/span><\/p>\n<p>&nbsp;<\/p>\n<p><span style=\"font-family: verdana, geneva, sans-serif;font-size: 14pt\">O Eurostat estima que 13,148 milh\u00f5es de pessoas na UE (das quais 11,048 milh\u00f5es na zona euro) estavam desempregadas em dezembro de 2022. Em compara\u00e7\u00e3o com novembro de 2022, o desemprego sofreu um aumento de 28 mil na UE e 23 mil na zona euro. Em rela\u00e7\u00e3o a dezembro de 2021, o desemprego teve uma redu\u00e7\u00e3o de 518 mil na UE e 494 mil na zona euro.<\/span><\/p>\n<p>&nbsp;<\/p>\n<p><span style=\"font-family: verdana, geneva, sans-serif;font-size: 14pt\">Em Portugal, a taxa de desemprego foi de 6.7% em dezembro de 2022, com 348 mil pessoas desempregadas.<\/span><\/p>\n<p>&nbsp;<\/p>\n<p style=\"text-align: center\"><strong><span style=\"font-family: verdana, geneva, sans-serif;font-size: 14pt\">Figura 2 \u2013 Taxas e Total do Desemprego da UE e da Zona Euro<\/span><\/strong><\/p>\n<p><a href=\"https:\/\/blogger.googleusercontent.com\/img\/b\/R29vZ2xl\/AVvXsEjO9nUbIiWyVjVGU-9imjC1thY9ZbqUpQTNchkYjyHBVrgGmlSSQDXemnAXeJAoLraTSqwLp8DO5S3Ofsaqt7QrCcz7RS8C5C3iXDOlwauSaXLDHypYIaGX2Lw2r1lxsWaNn6AM7nG5vkZ3vO14YZtKd8i1VnKIbajttuZqjYn9-yh_Edw3pKmBjZNwEg\/s1017\/2.png\" target=\"_blank\" rel=\"noopener\"><img decoding=\"async\" class=\"aligncenter size-medium\" src=\"https:\/\/blogger.googleusercontent.com\/img\/b\/R29vZ2xl\/AVvXsEjO9nUbIiWyVjVGU-9imjC1thY9ZbqUpQTNchkYjyHBVrgGmlSSQDXemnAXeJAoLraTSqwLp8DO5S3Ofsaqt7QrCcz7RS8C5C3iXDOlwauSaXLDHypYIaGX2Lw2r1lxsWaNn6AM7nG5vkZ3vO14YZtKd8i1VnKIbajttuZqjYn9-yh_Edw3pKmBjZNwEg\/s1017\/2.png\" width=\"1017\" height=\"677\" \/><\/a><\/p>\n<p style=\"text-align: center\"><span style=\"font-size: 10pt\"><strong><span style=\"font-family: verdana, geneva, sans-serif\">Rates % (Taxas %); Number of Persons in Thousands (N\u00famero de Pessoas em Milhares); Euro Area (Zona Euro); EU (Uni\u00e3o Europeia \u2013 UE); : (Dados N\u00e3o Dispon\u00edveis).<\/span><\/strong><\/span><\/p>\n<p style=\"text-align: center\"><span style=\"font-size: 10pt\"><strong><span style=\"font-family: verdana, geneva, sans-serif\">Nota: Iceland (Isl\u00e2ndia), Norway (Noruega) e Switzerland (Su\u00ed\u00e7a) n\u00e3o fazem parte da UE.<\/span><\/strong><\/span><\/p>\n<p style=\"text-align: center\"><span style=\"font-size: 10pt\"><strong><span style=\"font-family: verdana, geneva, sans-serif\">Fonte: Eurostat.<\/span><\/strong><\/span><\/p>\n<p>&nbsp;<\/p>\n<p><span style=\"font-family: verdana, geneva, sans-serif;font-size: 14pt\">Em dezembro de 2022, a taxa de desemprego dos jovens (menores de 25 anos) foi de 14.8% na zona euro (est\u00e1vel em rela\u00e7\u00e3o ao m\u00eas anterior) e 15% na UE (um aumento em rela\u00e7\u00e3o aos 14.8% do m\u00eas anterior).<\/span><\/p>\n<p>&nbsp;<\/p>\n<p style=\"text-align: center\"><strong><span style=\"font-family: verdana, geneva, sans-serif;font-size: 14pt\">Figura 3 \u2013 Taxa de Desemprego dos Jovens Menores de 25 Anos da UE e da Zona Euro<\/span><\/strong><\/p>\n<p><a href=\"https:\/\/blogger.googleusercontent.com\/img\/b\/R29vZ2xl\/AVvXsEgLgB680sdg64-xBkF3oAvd5fd2k6MRIlKyky91jVV82deriQMoUlAl4GazNICTZpUr5s_0p-suy1UMl0VdUVssJ_3JuTkAUhgPgI8jpJurJsQKaNxbllgpvzj_fPN2XI3VtdyELGw5UcZQagIv7_Mvq7LLeypQ8pOypUpu0PqxemTcp9W7RWCutBSPUg\/s685\/3.png\" target=\"_blank\" rel=\"noopener\"><img decoding=\"async\" class=\"aligncenter size-medium\" src=\"https:\/\/blogger.googleusercontent.com\/img\/b\/R29vZ2xl\/AVvXsEgLgB680sdg64-xBkF3oAvd5fd2k6MRIlKyky91jVV82deriQMoUlAl4GazNICTZpUr5s_0p-suy1UMl0VdUVssJ_3JuTkAUhgPgI8jpJurJsQKaNxbllgpvzj_fPN2XI3VtdyELGw5UcZQagIv7_Mvq7LLeypQ8pOypUpu0PqxemTcp9W7RWCutBSPUg\/s685\/3.png\" width=\"685\" height=\"469\" \/><\/a><\/p>\n<p style=\"text-align: center\"><span style=\"font-size: 10pt\"><strong><span style=\"font-family: verdana, geneva, sans-serif\">Zona Euro (Linha Vermelha); UE (Linha Azul).<\/span><\/strong><\/span><\/p>\n<p style=\"text-align: center\"><span style=\"font-size: 10pt\"><strong><span style=\"font-family: verdana, geneva, sans-serif\">Fonte: Eurostat.<\/span><\/strong><\/span><\/p>\n<p>&nbsp;<\/p>\n<p><span style=\"font-family: verdana, geneva, sans-serif;font-size: 14pt\">Em dezembro de 2022, 2,862 milh\u00f5es de jovens estavam desempregados na EU (dos quais 2,311 milh\u00f5es na zona euro). Em rela\u00e7\u00e3o a novembro de 2022, o desemprego jovem sofreu um aumento de 30 mil na UE e 3 mil na zona euro. Em rela\u00e7\u00e3o a dezembro de 2021, o desemprego jovem sofreu um aumento de 209 mil na UE e 156 mil na zona euro.<\/span><\/p>\n<p>&nbsp;<\/p>\n<p><span style=\"font-family: verdana, geneva, sans-serif;font-size: 14pt\">Em Portugal, a taxa do desemprego jovem foi de 18.5% em dezembro de 2022, com 69 mil jovens desempregados.<\/span><\/p>\n<p>&nbsp;<\/p>\n<p style=\"text-align: center\"><strong><span style=\"font-family: verdana, geneva, sans-serif;font-size: 14pt\">Figura 4 \u2013 Taxas e Total do Desemprego dos Jovens (Menores de 25 Anos) da UE e da Zona Euro<\/span><\/strong><\/p>\n<p><a href=\"https:\/\/blogger.googleusercontent.com\/img\/b\/R29vZ2xl\/AVvXsEjlrj9rAOLrAs4IlyyuAvYpTT873a2To0jWC7kLxuknJXxi8XApbsL5bx0BmP0oa_SjwxHrqFp9QyZ_zmi_oHR2y9_rBsPH6o6hxvBPnjRDqoHWWQ8kiS0EVZK1P0MNidIESceFHro5wlRza7K1-RWCfilyAmBDqtHUOXDjqzRfMbu4ny63hKALiUpPRg\/s1019\/4.png\" target=\"_blank\" rel=\"noopener\"><img loading=\"lazy\" decoding=\"async\" class=\"aligncenter size-medium\" src=\"https:\/\/blogger.googleusercontent.com\/img\/b\/R29vZ2xl\/AVvXsEjlrj9rAOLrAs4IlyyuAvYpTT873a2To0jWC7kLxuknJXxi8XApbsL5bx0BmP0oa_SjwxHrqFp9QyZ_zmi_oHR2y9_rBsPH6o6hxvBPnjRDqoHWWQ8kiS0EVZK1P0MNidIESceFHro5wlRza7K1-RWCfilyAmBDqtHUOXDjqzRfMbu4ny63hKALiUpPRg\/s1019\/4.png\" width=\"1019\" height=\"678\" \/><\/a><\/p>\n<p style=\"text-align: center\"><span style=\"font-size: 10pt\"><strong><span style=\"font-family: verdana, geneva, sans-serif\">Rates % (Taxas %); Number of Persons in Thousands (N\u00famero de Pessoas em Milhares); Euro Area (Zona Euro); EU (Uni\u00e3o Europeia \u2013 UE); : (Dados n\u00e3o Dispon\u00edveis).<\/span><\/strong><\/span><\/p>\n<p style=\"text-align: center\"><span style=\"font-size: 10pt\"><strong><span style=\"font-family: verdana, geneva, sans-serif\">Nota : Iceland (Isl\u00e2ndia), Norway (Noruega) e Switzerland (Su\u00ed\u00e7a) n\u00e3o fazem parte da UE.<\/span><\/strong><\/span><\/p>\n<p style=\"text-align: center\"><span style=\"font-size: 10pt\"><strong><span style=\"font-family: verdana, geneva, sans-serif\">Nota 2: B\u00e9lgica, Cro\u00e1cia, Chipre, Rom\u00e9nia e Eslov\u00e9nia (Dados Trimestrais).<\/span><\/strong><\/span><\/p>\n<p style=\"text-align: center\"><span style=\"font-size: 10pt\"><strong><span style=\"font-family: verdana, geneva, sans-serif\">Fonte: Eurostat.<\/span><\/strong><\/span><\/p>\n<p>&nbsp;<\/p>\n<p><span style=\"font-family: verdana, geneva, sans-serif;font-size: 14pt\">Em dezembro de 2022, a taxa de desemprego das mulheres foi de 6.4% na UE, est\u00e1vel em rela\u00e7\u00e3o a novembro de 2022. A taxa de desemprego dos homens foi de 5.8% em dezembro de 2022, tamb\u00e9m est\u00e1vel face ao m\u00eas anterior. Na zona euro, a taxa de desemprego das mulheres foi de 7%; a dos homens, 6.3% (ambas est\u00e1veis em rela\u00e7\u00e3o ao m\u00eas anterior).<\/span><\/p>\n<p>&nbsp;<\/p>\n<p><span style=\"font-family: verdana, geneva, sans-serif;font-size: 14pt\">Em Portugal, a taxa de desemprego das mulheres foi de 7.1% em dezembro de 2022 (no m\u00eas anterior, a taxa foi de 6.9%); a dos homens, 6.2% (no m\u00eas anterior, a taxa foi de 6%).<\/span><\/p>\n<p>&nbsp;<\/p>\n<p style=\"text-align: center\"><strong><span style=\"font-family: verdana, geneva, sans-serif;font-size: 14pt\">Figura 5 \u2013 Taxa de Desemprego da Zona Euro e da UE, por G\u00e9nero<\/span><\/strong><\/p>\n<p><a href=\"https:\/\/blogger.googleusercontent.com\/img\/b\/R29vZ2xl\/AVvXsEi2vpDKFWIqAIXZEIoWNWr-pPrmZG1sCl0OzGFR0LnJvIdM5q1z5Fyv9NgrnxcxBR2wxZPi1ncPJd3TCoWfpxnX3B4OKROfxXWpujmSd3CWvjp0kp0Am0eEMqNS98cyqxgKs2JvyvDCkbuUuHLFHi0KxdM24TT7sCoOrve5FP5mCMQo9GvZWL3suITy9Q\/s1020\/5.png\" target=\"_blank\" rel=\"noopener\"><img loading=\"lazy\" decoding=\"async\" class=\"aligncenter size-medium\" src=\"https:\/\/blogger.googleusercontent.com\/img\/b\/R29vZ2xl\/AVvXsEi2vpDKFWIqAIXZEIoWNWr-pPrmZG1sCl0OzGFR0LnJvIdM5q1z5Fyv9NgrnxcxBR2wxZPi1ncPJd3TCoWfpxnX3B4OKROfxXWpujmSd3CWvjp0kp0Am0eEMqNS98cyqxgKs2JvyvDCkbuUuHLFHi0KxdM24TT7sCoOrve5FP5mCMQo9GvZWL3suITy9Q\/s1020\/5.png\" width=\"1020\" height=\"649\" \/><\/a><\/p>\n<p style=\"text-align: center\"><span style=\"font-size: 10pt\"><strong><span style=\"font-family: verdana, geneva, sans-serif\">Males (Homens); Females (Mulheres); Euro Area (Zona Euro); EU (Uni\u00e3o Europeia \u2013 UE); : (Dados n\u00e3o Dispon\u00edveis).<\/span><\/strong><\/span><\/p>\n<p style=\"text-align: center\"><span style=\"font-size: 10pt\"><strong><span style=\"font-family: verdana, geneva, sans-serif\">Nota: Iceland (Isl\u00e2ndia), Norway (Noruega) e Switzerland (Su\u00ed\u00e7a) n\u00e3o fazem parte da UE.<\/span><\/strong><\/span><\/p>\n<p style=\"text-align: center\"><span style=\"font-size: 10pt\"><strong><span style=\"font-family: verdana, geneva, sans-serif\">Fonte: Eurostat.<\/span><\/strong><\/span><\/p>\n<p>&nbsp;<\/p>\n<p>&nbsp;<\/p>\n<p><span style=\"font-family: verdana, geneva, sans-serif;font-size: 14pt\">Andr\u00e9 Marques<\/span><\/p>\n","protected":false},"excerpt":{"rendered":"<p>Nota: \u00c9 importante destacar que as taxas de desemprego divulgadas pelos governos (seja da Uni\u00e3o Europeia, dos EUA, do Brasil, ou de qualquer outro local), tendem a ser menores do que a real taxa de desemprego. Isto ocorre devido, por exemplo, a estas taxas n\u00e3o contarem as pessoas desencorajadas (que pararam de procurar emprego e [&hellip;]<\/p>\n","protected":false},"author":4,"featured_media":243004,"comment_status":"open","ping_status":"open","sticky":false,"template":"","format":"standard","meta":{"inline_featured_image":false,"site-sidebar-layout":"default","site-content-layout":"default","ast-site-content-layout":"","site-content-style":"default","site-sidebar-style":"default","ast-global-header-display":"","ast-banner-title-visibility":"","ast-main-header-display":"","ast-hfb-above-header-display":"","ast-hfb-below-header-display":"","ast-hfb-mobile-header-display":"","site-post-title":"","ast-breadcrumbs-content":"","ast-featured-img":"","footer-sml-layout":"","theme-transparent-header-meta":"default","adv-header-id-meta":"","stick-header-meta":"","header-above-stick-meta":"","header-main-stick-meta":"","header-below-stick-meta":"","astra-migrate-meta-layouts":"default","ast-page-background-enabled":"default","ast-page-background-meta":{"desktop":{"background-color":"var(--ast-global-color-4)","background-image":"","background-repeat":"repeat","background-position":"center center","background-size":"auto","background-attachment":"scroll","background-type":"","background-media":"","overlay-type":"","overlay-color":"","overlay-opacity":"","overlay-gradient":""},"tablet":{"background-color":"","background-image":"","background-repeat":"repeat","background-position":"center center","background-size":"auto","background-attachment":"scroll","background-type":"","background-media":"","overlay-type":"","overlay-color":"","overlay-opacity":"","overlay-gradient":""},"mobile":{"background-color":"","background-image":"","background-repeat":"repeat","background-position":"center center","background-size":"auto","background-attachment":"scroll","background-type":"","background-media":"","overlay-type":"","overlay-color":"","overlay-opacity":"","overlay-gradient":""}},"ast-content-background-meta":{"desktop":{"background-color":"var(--ast-global-color-5)","background-image":"","background-repeat":"repeat","background-position":"center center","background-size":"auto","background-attachment":"scroll","background-type":"","background-media":"","overlay-type":"","overlay-color":"","overlay-opacity":"","overlay-gradient":""},"tablet":{"background-color":"var(--ast-global-color-5)","background-image":"","background-repeat":"repeat","background-position":"center center","background-size":"auto","background-attachment":"scroll","background-type":"","background-media":"","overlay-type":"","overlay-color":"","overlay-opacity":"","overlay-gradient":""},"mobile":{"background-color":"var(--ast-global-color-5)","background-image":"","background-repeat":"repeat","background-position":"center center","background-size":"auto","background-attachment":"scroll","background-type":"","background-media":"","overlay-type":"","overlay-color":"","overlay-opacity":"","overlay-gradient":""}},"footnotes":""},"categories":[1],"tags":[],"class_list":["post-244200","post","type-post","status-publish","format-standard","has-post-thumbnail","hentry","category-sem-categoria"],"_links":{"self":[{"href":"https:\/\/elementum.pt\/pt-pt\/wp-json\/wp\/v2\/posts\/244200","targetHints":{"allow":["GET"]}}],"collection":[{"href":"https:\/\/elementum.pt\/pt-pt\/wp-json\/wp\/v2\/posts"}],"about":[{"href":"https:\/\/elementum.pt\/pt-pt\/wp-json\/wp\/v2\/types\/post"}],"author":[{"embeddable":true,"href":"https:\/\/elementum.pt\/pt-pt\/wp-json\/wp\/v2\/users\/4"}],"replies":[{"embeddable":true,"href":"https:\/\/elementum.pt\/pt-pt\/wp-json\/wp\/v2\/comments?post=244200"}],"version-history":[{"count":0,"href":"https:\/\/elementum.pt\/pt-pt\/wp-json\/wp\/v2\/posts\/244200\/revisions"}],"wp:featuredmedia":[{"embeddable":true,"href":"https:\/\/elementum.pt\/pt-pt\/wp-json\/wp\/v2\/media\/243004"}],"wp:attachment":[{"href":"https:\/\/elementum.pt\/pt-pt\/wp-json\/wp\/v2\/media?parent=244200"}],"wp:term":[{"taxonomy":"category","embeddable":true,"href":"https:\/\/elementum.pt\/pt-pt\/wp-json\/wp\/v2\/categories?post=244200"},{"taxonomy":"post_tag","embeddable":true,"href":"https:\/\/elementum.pt\/pt-pt\/wp-json\/wp\/v2\/tags?post=244200"}],"curies":[{"name":"wp","href":"https:\/\/api.w.org\/{rel}","templated":true}]}}