{"id":244171,"date":"2023-01-27T12:08:22","date_gmt":"2023-01-27T12:08:22","guid":{"rendered":"https:\/\/elementum.pt\/?p=244171"},"modified":"2023-01-27T12:08:22","modified_gmt":"2023-01-27T12:08:22","slug":"taxa-de-inflacao-anual-da-zona-euro-diminuiu-para-9-2-em-dezembro-de-2022","status":"publish","type":"post","link":"https:\/\/elementum.pt\/pt-pt\/taxa-de-inflacao-anual-da-zona-euro-diminuiu-para-9-2-em-dezembro-de-2022\/","title":{"rendered":"Taxa de Infla\u00e7\u00e3o Anual da Zona Euro Diminuiu para 9.2% em Dezembro de 2022"},"content":{"rendered":"<p><span style=\"font-family: verdana, geneva, sans-serif;font-size: 14pt\"><a href=\"https:\/\/ec.europa.eu\/eurostat\/documents\/2995521\/15725179\/2-18012023-AP-EN.pdf\/e301db8f-984c-27e2-1245-199a89f37bca\" target=\"_blank\" rel=\"noopener\">Segundo a Eurostat<\/a>, a taxa de infla\u00e7\u00e3o anual da zona euro diminuiu para 9.2% em dezembro de 2022, face aos 10.1% do <a href=\"https:\/\/elementum.pt\/pt-pt\/taxa-de-inflacao-anual-da-zona-euro-diminuiu-para-10-1-em-novembro-de-2022\/\" target=\"_blank\" rel=\"noopener\">m\u00eas anterior<\/a>. Em dezembro de 2021, a taxa foi de 5%. A taxa de infla\u00e7\u00e3o anual da UE foi de 10.4% em dezembro de 2022, face aos 11.1% do m\u00eas anterior. Em dezembro de 2021, a taxa foi de 5.3%.<\/span><\/p>\n<p>&nbsp;<\/p>\n<p style=\"text-align: center\"><strong><span style=\"font-family: verdana, geneva, sans-serif;font-size: 14pt\">Figura 1 \u2013 Taxa de Infla\u00e7\u00e3o Anual da UE e da Zona Euro<\/span><\/strong><\/p>\n<p><a href=\"https:\/\/blogger.googleusercontent.com\/img\/b\/R29vZ2xl\/AVvXsEjT5vUtKgzxazsUIqepm6k8maFo1G8XF84PBDoTr2ThaqE7CW01uq0mcy52vPsl59Q2srMgaPFPXnQTBbmrMUADFGdW5xqNx64JiTwhW-AECsCkoazx4QY-DL5TwWwn200uoUxspGcgCV-9E-nvFJD68H5lkl5O10hCi5IMWF5krbOtXvB-fbMXw07hRQ\/s666\/1.png\" target=\"_blank\" rel=\"noopener\"><img fetchpriority=\"high\" decoding=\"async\" class=\"aligncenter size-medium\" src=\"https:\/\/blogger.googleusercontent.com\/img\/b\/R29vZ2xl\/AVvXsEjT5vUtKgzxazsUIqepm6k8maFo1G8XF84PBDoTr2ThaqE7CW01uq0mcy52vPsl59Q2srMgaPFPXnQTBbmrMUADFGdW5xqNx64JiTwhW-AECsCkoazx4QY-DL5TwWwn200uoUxspGcgCV-9E-nvFJD68H5lkl5O10hCi5IMWF5krbOtXvB-fbMXw07hRQ\/s666\/1.png\" width=\"666\" height=\"229\" \/><\/a><\/p>\n<p style=\"text-align: center\"><span style=\"font-size: 10pt\"><strong><span style=\"font-family: verdana, geneva, sans-serif\">Zona Euro (Linha Vermelha); Uni\u00e3o Europeia (Linha Azul Tracejada).<\/span><\/strong><\/span><\/p>\n<p style=\"text-align: center\"><span style=\"font-size: 10pt\"><strong><span style=\"font-family: verdana, geneva, sans-serif\">Fonte: Eurostat.<\/span><\/strong><\/span><\/p>\n<p>&nbsp;<\/p>\n<p><span style=\"font-family: verdana, geneva, sans-serif;font-size: 14pt\">As taxas anuais mais baixas registaram-se em Espanha (5.5%), Luxemburgo (6.2%) e Fran\u00e7a (6.7%). As taxas anuais mais elevadas foram registadas na Hungria (25%), Let\u00f3nia (20.7%) e Litu\u00e2nia (20%). Face a novembro, a taxa de infla\u00e7\u00e3o anual caiu em 22 membro da UE, manteve-se est\u00e1vel em dois e aumentou em tr\u00eas.<\/span><\/p>\n<p>&nbsp;<\/p>\n<p><span style=\"font-family: verdana, geneva, sans-serif;font-size: 14pt\">Em Portugal, a taxa foi de 9.8%.<\/span><\/p>\n<p>&nbsp;<\/p>\n<p><span style=\"font-family: verdana, geneva, sans-serif;font-size: 14pt\">Estes valores s\u00e3o medidos pelo Harmonised Index of Consumer Prices (HICP) ou \u00cdndice Harmonizado de Pre\u00e7os no Consumidor (IHPC), que \u00e9 o \u00edndice que mede as altera\u00e7\u00f5es nos pre\u00e7os de bens e servi\u00e7os adquiridos, usados ou pagos pelas fam\u00edlias da zona euro. O termo \u2018harmonizado\u2019 refere-se ao facto de que todos os pa\u00edses da Uni\u00e3o Europeia (UE) seguem a mesma metodologia.<\/span><\/p>\n<p>&nbsp;<\/p>\n<p style=\"text-align: center\"><strong><span style=\"font-family: verdana, geneva, sans-serif;font-size: 14pt\">Figura 2 \u2013 Taxa de Infla\u00e7\u00e3o Anual dos Membros da UE (Dezembro de 2022)<\/span><\/strong><\/p>\n<p><a href=\"https:\/\/blogger.googleusercontent.com\/img\/b\/R29vZ2xl\/AVvXsEgbrg7ZDjF18dLLWxYSiISAUFUThWxbEthpa09hcHemDbDtJWt7uuFnqLvmJ-cXOGddtirTbG61bRoQ3-w2nEtdnO4KqAt36lrNLtJ5fvY9z4c3cvHES-kWtjuZ4s4t5kLt3BK6blO_KkIgRrmKNAXql2Xmvoo3T-YXrT1N3CYUvzbCy-u_fhulFSByRA\/s690\/2.png\" target=\"_blank\" rel=\"noopener\"><img decoding=\"async\" class=\"aligncenter size-medium\" src=\"https:\/\/blogger.googleusercontent.com\/img\/b\/R29vZ2xl\/AVvXsEgbrg7ZDjF18dLLWxYSiISAUFUThWxbEthpa09hcHemDbDtJWt7uuFnqLvmJ-cXOGddtirTbG61bRoQ3-w2nEtdnO4KqAt36lrNLtJ5fvY9z4c3cvHES-kWtjuZ4s4t5kLt3BK6blO_KkIgRrmKNAXql2Xmvoo3T-YXrT1N3CYUvzbCy-u_fhulFSByRA\/s690\/2.png\" width=\"690\" height=\"278\" \/><\/a><\/p>\n<p style=\"text-align: center\"><span style=\"font-size: 10pt\"><strong><span style=\"font-family: verdana, geneva, sans-serif\">Zona Euro (Vermelho); UE (Azul); Membros da UE (Verde).<\/span><\/strong><\/span><\/p>\n<p style=\"text-align: center\"><span style=\"font-size: 10pt\"><strong><span style=\"font-family: verdana, geneva, sans-serif\">Fonte: Eurostat.<\/span><\/strong><\/span><\/p>\n<p>&nbsp;<\/p>\n<p style=\"text-align: center\"><strong><span style=\"font-family: verdana, geneva, sans-serif;font-size: 14pt\">Figura 3 \u2013 Taxa de Infla\u00e7\u00e3o Anual e Mensal (Dezembro de 2022) dos Membros da UE Medida pelo HICP<\/span><\/strong><\/p>\n<p><a href=\"https:\/\/blogger.googleusercontent.com\/img\/b\/R29vZ2xl\/AVvXsEhwmUjoQgbqT7rmHUDJIEsqQnZjg1YmXM6UlOvW9aeSdcO0y21JyA6EdhoH0_mDTDiWZDv_x3JjFGk9JGR3lyHAhjXxHHyV5t8lgAWtEMbMJ6A97WyWkorpWHmBYbYFgJyI3WFiGYY-NNu18Ljk540hn5G8E2LWfeAggNMy4yISp-k0X-lVgvYm1twLWw\/s775\/3.png\" target=\"_blank\" rel=\"noopener\"><img decoding=\"async\" class=\"aligncenter size-medium\" src=\"https:\/\/blogger.googleusercontent.com\/img\/b\/R29vZ2xl\/AVvXsEhwmUjoQgbqT7rmHUDJIEsqQnZjg1YmXM6UlOvW9aeSdcO0y21JyA6EdhoH0_mDTDiWZDv_x3JjFGk9JGR3lyHAhjXxHHyV5t8lgAWtEMbMJ6A97WyWkorpWHmBYbYFgJyI3WFiGYY-NNu18Ljk540hn5G8E2LWfeAggNMy4yISp-k0X-lVgvYm1twLWw\/s775\/3.png\" width=\"693\" height=\"775\" \/><\/a><\/p>\n<p style=\"text-align: center\"><span style=\"font-size: 10pt\"><strong><span style=\"font-family: verdana, geneva, sans-serif\">Annual Rate (Taxa Anual); Monthly Rate (Taxa Mensal).<\/span><\/strong><\/span><\/p>\n<p style=\"text-align: center\"><span style=\"font-size: 10pt\"><strong><span style=\"font-family: verdana, geneva, sans-serif\">Nota: Iceland (Isl\u00e2ndia), Norway (Noruega) e Switzerland (Su\u00ed\u00e7a) n\u00e3o fazem parte da UE.<\/span><\/strong><\/span><\/p>\n<p style=\"text-align: center\"><span style=\"font-size: 10pt\"><strong><span style=\"font-family: verdana, geneva, sans-serif\">Fonte: Eurostat.<\/span><\/strong><\/span><\/p>\n<p>&nbsp;<\/p>\n<p><span style=\"font-family: verdana, geneva, sans-serif;font-size: 14pt\">Em dezembro de 2022, a maior contribui\u00e7\u00e3o para a taxa de infla\u00e7\u00e3o anual da zona euro veio dos alimentos, \u00e1lcool e tabaco (+2.88%), seguidos de energia (+2.79%), dos servi\u00e7os (+1.83%) e do non-energy industrial goods \u2013 NEIG (+1.7%).<\/span><\/p>\n<p><span style=\"font-family: verdana, geneva, sans-serif;font-size: 14pt\">O NEIG (bens industriais n\u00e3o energ\u00e9ticos) cont\u00e9m tr\u00eas componentes: 1- bens n\u00e3o dur\u00e1veis (ex: bens eletr\u00f3nicos para cuidados pessoais, produtos farmac\u00eauticos, jornais), representando 27% do NEIG; 2- bens semi dur\u00e1veis (ex: roupas e cal\u00e7ados, livros, equipamentos recreativos), representando 39% do NEIG; 3- bens dur\u00e1veis (ex: carros, m\u00f3veis, eletrodom\u00e9sticos, computadores), representando 34% do NEIG.<\/span><\/p>\n<p>&nbsp;<\/p>\n<p style=\"text-align: center\"><strong><span style=\"font-family: verdana, geneva, sans-serif;font-size: 14pt\">Figura 4 \u2013 Contribui\u00e7\u00e3o Mensal para a Taxa de Infla\u00e7\u00e3o Anual da Zona Euro por Componentes<\/span><\/strong><\/p>\n<p><a href=\"https:\/\/blogger.googleusercontent.com\/img\/b\/R29vZ2xl\/AVvXsEjcAt0tTUhhalcd7J2PUiGRZrao8D5qOLzYHnkbcsI1wotdOVfBTe1cH1rcho3aqAPl1HjfNlNoUkBsz6N0CRvRILxnYGW0ayMJYhCnfOenkqaheOmFhTdJg8yAcMlv8GDAlpPo9J4VCO3uLMux3-CgZKEiH7MIlIC-o4Bl55XvTUiVigPD0gHrh7v5vw\/s687\/4.png\" target=\"_blank\" rel=\"noopener\"><img loading=\"lazy\" decoding=\"async\" class=\"aligncenter size-medium\" src=\"https:\/\/blogger.googleusercontent.com\/img\/b\/R29vZ2xl\/AVvXsEjcAt0tTUhhalcd7J2PUiGRZrao8D5qOLzYHnkbcsI1wotdOVfBTe1cH1rcho3aqAPl1HjfNlNoUkBsz6N0CRvRILxnYGW0ayMJYhCnfOenkqaheOmFhTdJg8yAcMlv8GDAlpPo9J4VCO3uLMux3-CgZKEiH7MIlIC-o4Bl55XvTUiVigPD0gHrh7v5vw\/s687\/4.png\" width=\"687\" height=\"225\" \/><\/a><\/p>\n<p style=\"text-align: center\"><span style=\"font-size: 10pt\"><strong><span style=\"font-family: verdana, geneva, sans-serif\">Fonte: Eurostat.<\/span><\/strong><\/span><\/p>\n<p>&nbsp;<\/p>\n<p><span style=\"font-family: verdana, geneva, sans-serif;font-size: 14pt\">Em dezembro de 2022, o componente com a maior taxa de infla\u00e7\u00e3o anual na zona euro foi o da energia (25.5%); o menor, o dos servi\u00e7os (4.4%).<\/span><\/p>\n<p>&nbsp;<\/p>\n<p style=\"text-align: center\"><strong><span style=\"font-family: verdana, geneva, sans-serif;font-size: 14pt\">Figura 5 \u2013 Taxa de Infla\u00e7\u00e3o da Zona Euro por Componentes<\/span><\/strong><\/p>\n<p><a href=\"https:\/\/blogger.googleusercontent.com\/img\/b\/R29vZ2xl\/AVvXsEhC7w8B4PJYM7e0zqfMAFsXByyDPh47TAc3p9IckRhPw8R1S6q71jxWfxPQiKGcb1dl7GXiSn0TmdIHrvjbIVxOP8OX4ZHbQardBIe3gRNurKjgGCEOSHffb9cP6Ozf-Fd_LqMC4WkzY3bPo6dgwi2GcAjtPh04ePbuBtd5yWjKWkErqXo-Bv1CkXmMuw\/s686\/5.png\" target=\"_blank\" rel=\"noopener\"><img loading=\"lazy\" decoding=\"async\" class=\"aligncenter size-medium\" src=\"https:\/\/blogger.googleusercontent.com\/img\/b\/R29vZ2xl\/AVvXsEhC7w8B4PJYM7e0zqfMAFsXByyDPh47TAc3p9IckRhPw8R1S6q71jxWfxPQiKGcb1dl7GXiSn0TmdIHrvjbIVxOP8OX4ZHbQardBIe3gRNurKjgGCEOSHffb9cP6Ozf-Fd_LqMC4WkzY3bPo6dgwi2GcAjtPh04ePbuBtd5yWjKWkErqXo-Bv1CkXmMuw\/s686\/5.png\" width=\"686\" height=\"430\" \/><\/a><\/p>\n<p style=\"text-align: center\"><span style=\"font-size: 10pt\"><strong><span style=\"font-family: verdana, geneva, sans-serif\">Fonte: Eurostat.<\/span><\/strong><\/span><\/p>\n<p>&nbsp;<\/p>\n<p>&nbsp;<\/p>\n<p><span style=\"font-family: verdana, geneva, sans-serif;font-size: 14pt\">Andr\u00e9 Marques<\/span><\/p>\n","protected":false},"excerpt":{"rendered":"<p>Segundo a Eurostat, a taxa de infla\u00e7\u00e3o anual da zona euro diminuiu para 9.2% em dezembro de 2022, face aos 10.1% do m\u00eas anterior. Em dezembro de 2021, a taxa foi de 5%. A taxa de infla\u00e7\u00e3o anual da UE foi de 10.4% em dezembro de 2022, face aos 11.1% do m\u00eas anterior. Em dezembro [&hellip;]<\/p>\n","protected":false},"author":4,"featured_media":239598,"comment_status":"open","ping_status":"open","sticky":false,"template":"","format":"standard","meta":{"inline_featured_image":false,"site-sidebar-layout":"default","site-content-layout":"default","ast-site-content-layout":"","site-content-style":"default","site-sidebar-style":"default","ast-global-header-display":"","ast-banner-title-visibility":"","ast-main-header-display":"","ast-hfb-above-header-display":"","ast-hfb-below-header-display":"","ast-hfb-mobile-header-display":"","site-post-title":"","ast-breadcrumbs-content":"","ast-featured-img":"","footer-sml-layout":"","theme-transparent-header-meta":"default","adv-header-id-meta":"","stick-header-meta":"","header-above-stick-meta":"","header-main-stick-meta":"","header-below-stick-meta":"","astra-migrate-meta-layouts":"default","ast-page-background-enabled":"default","ast-page-background-meta":{"desktop":{"background-color":"var(--ast-global-color-4)","background-image":"","background-repeat":"repeat","background-position":"center center","background-size":"auto","background-attachment":"scroll","background-type":"","background-media":"","overlay-type":"","overlay-color":"","overlay-opacity":"","overlay-gradient":""},"tablet":{"background-color":"","background-image":"","background-repeat":"repeat","background-position":"center center","background-size":"auto","background-attachment":"scroll","background-type":"","background-media":"","overlay-type":"","overlay-color":"","overlay-opacity":"","overlay-gradient":""},"mobile":{"background-color":"","background-image":"","background-repeat":"repeat","background-position":"center center","background-size":"auto","background-attachment":"scroll","background-type":"","background-media":"","overlay-type":"","overlay-color":"","overlay-opacity":"","overlay-gradient":""}},"ast-content-background-meta":{"desktop":{"background-color":"var(--ast-global-color-5)","background-image":"","background-repeat":"repeat","background-position":"center center","background-size":"auto","background-attachment":"scroll","background-type":"","background-media":"","overlay-type":"","overlay-color":"","overlay-opacity":"","overlay-gradient":""},"tablet":{"background-color":"var(--ast-global-color-5)","background-image":"","background-repeat":"repeat","background-position":"center center","background-size":"auto","background-attachment":"scroll","background-type":"","background-media":"","overlay-type":"","overlay-color":"","overlay-opacity":"","overlay-gradient":""},"mobile":{"background-color":"var(--ast-global-color-5)","background-image":"","background-repeat":"repeat","background-position":"center center","background-size":"auto","background-attachment":"scroll","background-type":"","background-media":"","overlay-type":"","overlay-color":"","overlay-opacity":"","overlay-gradient":""}},"footnotes":""},"categories":[1],"tags":[],"class_list":["post-244171","post","type-post","status-publish","format-standard","has-post-thumbnail","hentry","category-sem-categoria"],"_links":{"self":[{"href":"https:\/\/elementum.pt\/pt-pt\/wp-json\/wp\/v2\/posts\/244171","targetHints":{"allow":["GET"]}}],"collection":[{"href":"https:\/\/elementum.pt\/pt-pt\/wp-json\/wp\/v2\/posts"}],"about":[{"href":"https:\/\/elementum.pt\/pt-pt\/wp-json\/wp\/v2\/types\/post"}],"author":[{"embeddable":true,"href":"https:\/\/elementum.pt\/pt-pt\/wp-json\/wp\/v2\/users\/4"}],"replies":[{"embeddable":true,"href":"https:\/\/elementum.pt\/pt-pt\/wp-json\/wp\/v2\/comments?post=244171"}],"version-history":[{"count":0,"href":"https:\/\/elementum.pt\/pt-pt\/wp-json\/wp\/v2\/posts\/244171\/revisions"}],"wp:featuredmedia":[{"embeddable":true,"href":"https:\/\/elementum.pt\/pt-pt\/wp-json\/wp\/v2\/media\/239598"}],"wp:attachment":[{"href":"https:\/\/elementum.pt\/pt-pt\/wp-json\/wp\/v2\/media?parent=244171"}],"wp:term":[{"taxonomy":"category","embeddable":true,"href":"https:\/\/elementum.pt\/pt-pt\/wp-json\/wp\/v2\/categories?post=244171"},{"taxonomy":"post_tag","embeddable":true,"href":"https:\/\/elementum.pt\/pt-pt\/wp-json\/wp\/v2\/tags?post=244171"}],"curies":[{"name":"wp","href":"https:\/\/api.w.org\/{rel}","templated":true}]}}