{"id":244145,"date":"2023-01-12T17:55:17","date_gmt":"2023-01-12T17:55:17","guid":{"rendered":"https:\/\/elementum.pt\/?p=244145"},"modified":"2023-01-12T17:55:17","modified_gmt":"2023-01-12T17:55:17","slug":"taxa-de-desemprego-da-zona-euro-permaneceu-em-6-5-em-novembro-de-2022","status":"publish","type":"post","link":"https:\/\/elementum.pt\/pt-pt\/taxa-de-desemprego-da-zona-euro-permaneceu-em-6-5-em-novembro-de-2022\/","title":{"rendered":"Taxa de Desemprego da Zona Euro Permaneceu em 6.5% em Novembro de 2022"},"content":{"rendered":"<p><span style=\"font-size: 14pt;font-family: verdana, geneva, sans-serif\"><strong>Nota<\/strong>: \u00c9 importante destacar que as taxas de desemprego divulgadas pelos governos (seja da Uni\u00e3o Europeia, dos EUA, do Brasil, ou de qualquer outro local), tendem a ser menores do que a real taxa de desemprego. Isto ocorre devido, por exemplo, a estas taxas n\u00e3o contarem as pessoas desencorajadas (que pararam de procurar emprego e n\u00e3o est\u00e3o contadas na for\u00e7a de trabalho) e\/ou que est\u00e3o a realizar trabalhos ocasionais. Veja exemplos <a href=\"https:\/\/www.mises.org.br\/Article.aspx?id=1471\" target=\"_blank\" rel=\"noopener\">aqui<\/a>, <a href=\"https:\/\/mises.org.br\/Article.aspx?id=433\" target=\"_blank\" rel=\"noopener\">aqui<\/a> e <a href=\"https:\/\/youtu.be\/VmA1oXAGEIE\" target=\"_blank\" rel=\"noopener\">aqui<\/a>.<\/span><\/p>\n<p>&nbsp;<\/p>\n<p><span style=\"font-size: 14pt;font-family: verdana, geneva, sans-serif\"><a href=\"https:\/\/ec.europa.eu\/eurostat\/documents\/2995521\/15725152\/3-09012023-AP-EN.pdf\/10996cbf-0feb-1b1f-f444-8929ad9b1b5d\" target=\"_blank\" rel=\"noopener\">Segundo a Eurostat<\/a>, em novembro de 2022 a taxa de desemprego da zona euro foi de 6.5%, est\u00e1vel em rela\u00e7\u00e3o ao <a href=\"https:\/\/elementum.pt\/pt-pt\/taxa-de-desemprego-da-zona-euro-diminuiu-para-6-5-em-outubro-de-2022\/\" target=\"_blank\" rel=\"noopener\">m\u00eas anterior<\/a> e menor do que os 7.1% de novembro de 2021. J\u00e1 a taxa de desemprego da Uni\u00e3o Europeia (UE) foi de 6% em novembro de 2022, tamb\u00e9m est\u00e1vel em rela\u00e7\u00e3o ao m\u00eas anterior e menor do que os 6.5% em novembro de 2021.<\/span><\/p>\n<p>&nbsp;<\/p>\n<p style=\"text-align: center\"><strong><span style=\"font-size: 14pt;font-family: verdana, geneva, sans-serif\">Figura 1 \u2013 Taxa de Desemprego da UE e da Zona Euro<\/span><\/strong><\/p>\n<p><a href=\"https:\/\/blogger.googleusercontent.com\/img\/b\/R29vZ2xl\/AVvXsEjRS6FX469RdWxpkOCVfZYpz3dR67EQGhO4KXY0okHcVXfCuKvzkI2SNqsXtrvl5TcUYMyMumF7lLw0OBeIeVRXILK-ezDC8ZASX7V_BeUvVdPgCXJ3T8DboZU9nFflVsmC3uJzsJbhDiXrCPGjMPC_vqNHxL-NGxMQPVZFjgXpZMKOY1JjIs7mbZD55w\/s688\/1.png\" target=\"_blank\" rel=\"noopener\"><img fetchpriority=\"high\" decoding=\"async\" class=\"aligncenter size-medium\" src=\"https:\/\/blogger.googleusercontent.com\/img\/b\/R29vZ2xl\/AVvXsEjRS6FX469RdWxpkOCVfZYpz3dR67EQGhO4KXY0okHcVXfCuKvzkI2SNqsXtrvl5TcUYMyMumF7lLw0OBeIeVRXILK-ezDC8ZASX7V_BeUvVdPgCXJ3T8DboZU9nFflVsmC3uJzsJbhDiXrCPGjMPC_vqNHxL-NGxMQPVZFjgXpZMKOY1JjIs7mbZD55w\/s688\/1.png\" width=\"688\" height=\"468\" \/><\/a><\/p>\n<p style=\"text-align: center\"><span style=\"font-size: 10pt\"><strong><span style=\"font-family: verdana, geneva, sans-serif\">Zona Euro (Linha Vermelha); UE (Linha Azul).<\/span><\/strong><\/span><\/p>\n<p style=\"text-align: center\"><span style=\"font-size: 10pt\"><strong><span style=\"font-family: verdana, geneva, sans-serif\">Fonte: Eurostat.<\/span><\/strong><\/span><\/p>\n<p>&nbsp;<\/p>\n<p><span style=\"font-size: 14pt;font-family: verdana, geneva, sans-serif\">O Eurostat estima que 12,950 milh\u00f5es de pessoas na UE (dos quais 10,849 milh\u00f5es na zona euro) estavam desempregadas em novembro de 2022. Em compara\u00e7\u00e3o ao m\u00eas anterior, a quantidade de pessoas desempregadas teve um aumento de 10 mil na UE e uma diminui\u00e7\u00e3o de 2 mil na zona euro. Face a novembro de 2021, a quantidade de pessoas desempregadas teve uma diminui\u00e7\u00e3o de 875 mil na UE e de 846 mil na zona euro.<\/span><\/p>\n<p>&nbsp;<\/p>\n<p><span style=\"font-size: 14pt;font-family: verdana, geneva, sans-serif\">Em Portugal, a taxa de desemprego foi de 6.4% em novembro de 2022, com 332 mil pessoas desempregadas.<\/span><\/p>\n<p>&nbsp;<\/p>\n<p style=\"text-align: center\"><strong><span style=\"font-size: 14pt;font-family: verdana, geneva, sans-serif\">Figura 2 \u2013 Taxas e Total do Desemprego da UE e da Zona Euro<\/span><\/strong><\/p>\n<p><a href=\"https:\/\/blogger.googleusercontent.com\/img\/b\/R29vZ2xl\/AVvXsEg3J0PErB8kSRTFsNvc6p39azveitl1Is8n12D6k1r49AntA2TceX2JhQfRB7zIV-BP69VtohMm2YUdo9xohNYkPrvR9iOiSrftzuvtzFkjjRmWepeTBsnVfw7_ZPkhOobUjpORaH1R7P0e7kQhAb1868-eL35WffLxxYWmwwKjqrGBR0qoJn7UZRsb_A\/s1022\/2.png\" target=\"_blank\" rel=\"noopener\"><img decoding=\"async\" class=\"aligncenter size-medium\" src=\"https:\/\/blogger.googleusercontent.com\/img\/b\/R29vZ2xl\/AVvXsEg3J0PErB8kSRTFsNvc6p39azveitl1Is8n12D6k1r49AntA2TceX2JhQfRB7zIV-BP69VtohMm2YUdo9xohNYkPrvR9iOiSrftzuvtzFkjjRmWepeTBsnVfw7_ZPkhOobUjpORaH1R7P0e7kQhAb1868-eL35WffLxxYWmwwKjqrGBR0qoJn7UZRsb_A\/s1022\/2.png\" width=\"1022\" height=\"678\" \/><\/a><\/p>\n<p style=\"text-align: center\"><span style=\"font-size: 10pt\"><strong><span style=\"font-family: verdana, geneva, sans-serif\">Rates % (Taxas %); Number of Persons in Thousands (N\u00famero de Pessoas em Milhares); Euro Area (Zona Euro); EU (Uni\u00e3o Europeia \u2013 UE); : (Dados N\u00e3o Dispon\u00edveis).<\/span><\/strong><\/span><\/p>\n<p style=\"text-align: center\"><span style=\"font-size: 10pt\"><strong><span style=\"font-family: verdana, geneva, sans-serif\">Nota: Iceland (Isl\u00e2ndia), Norway (Noruega) e Switzerland (Su\u00ed\u00e7a) n\u00e3o fazem parte da UE.<\/span><\/strong><\/span><\/p>\n<p style=\"text-align: center\"><span style=\"font-size: 10pt\"><strong><span style=\"font-family: verdana, geneva, sans-serif\">Fonte: Eurostat.<\/span><\/strong><\/span><\/p>\n<p>&nbsp;<\/p>\n<p><span style=\"font-size: 14pt;font-family: verdana, geneva, sans-serif\">Em novembro de 2022, a taxa de desemprego dos jovens (menores de 25 anos) foi de 15.1% na zona euro e na UE, ambas acima dos 15% do m\u00eas anterior.<\/span><\/p>\n<p>&nbsp;<\/p>\n<p style=\"text-align: center\"><strong><span style=\"font-size: 14pt;font-family: verdana, geneva, sans-serif\">Figura 3 \u2013 Taxa de Desemprego dos Jovens Menores de 25 Anos da UE e da Zona Euro<\/span><\/strong><\/p>\n<p><a href=\"https:\/\/blogger.googleusercontent.com\/img\/b\/R29vZ2xl\/AVvXsEjnH6DR8h15Y9CdUixxk67vG12QWycm4VSLtfCIrziTGq4NfD_iNJd3VC5ECtLYLDxZQqEMITlsNMktTj7WBIqwwvvIy3upEMkbrM5YUPCjbEgAjmRvCzxLKDNmUeDy5egDW0G9Lr9z4qni8OKfVOhKA0QIvcPJYgeWIxY9GkOhbmDCsDjnMwJnedMBcw\/s688\/3.png\" target=\"_blank\" rel=\"noopener\"><img decoding=\"async\" class=\"aligncenter size-medium\" src=\"https:\/\/blogger.googleusercontent.com\/img\/b\/R29vZ2xl\/AVvXsEjnH6DR8h15Y9CdUixxk67vG12QWycm4VSLtfCIrziTGq4NfD_iNJd3VC5ECtLYLDxZQqEMITlsNMktTj7WBIqwwvvIy3upEMkbrM5YUPCjbEgAjmRvCzxLKDNmUeDy5egDW0G9Lr9z4qni8OKfVOhKA0QIvcPJYgeWIxY9GkOhbmDCsDjnMwJnedMBcw\/s688\/3.png\" width=\"688\" height=\"470\" \/><\/a><\/p>\n<p style=\"text-align: center\"><span style=\"font-size: 10pt\"><strong><span style=\"font-family: verdana, geneva, sans-serif\">Zona Euro (Linha Vermelha); UE (Linha Azul).<\/span><\/strong><\/span><\/p>\n<p style=\"text-align: center\"><span style=\"font-size: 10pt\"><strong><span style=\"font-family: verdana, geneva, sans-serif\">Fonte: Eurostat.<\/span><\/strong><\/span><\/p>\n<p>&nbsp;<\/p>\n<p><span style=\"font-size: 14pt;font-family: verdana, geneva, sans-serif\">Em novembro de 2022, 2,880 milh\u00f5es de jovens estavam desempregados na EU (dos quais 2,353 milh\u00f5es na zona euro). Em rela\u00e7\u00e3o a novembro de 2021, o desemprego jovem teve um aumento de 180 mil na UE e 157 mil na zona euro.<\/span><\/p>\n<p>&nbsp;<\/p>\n<p><span style=\"font-size: 14pt;font-family: verdana, geneva, sans-serif\">Em Portugal, a taxa do desemprego jovem foi de 18.2% em novembro de 2022, com 65 mil jovens desempregados.<\/span><\/p>\n<p>&nbsp;<\/p>\n<p style=\"text-align: center\"><strong><span style=\"font-size: 14pt;font-family: verdana, geneva, sans-serif\">Figura 4 \u2013 Taxas e Total do Desemprego dos Jovens (Menores de 25 Anos) da UE e da Zona Euro<\/span><\/strong><\/p>\n<p><a href=\"https:\/\/blogger.googleusercontent.com\/img\/b\/R29vZ2xl\/AVvXsEgJ90U0Vcc9hnNPSdIlzsNvE7sNN-D7XpcqlXKcIg4R1IMZ_yt6-Ku7roee0_CwyDj4NWIEOSjanM0IFxcwvM6viaTb-SB8qw-y-1HIzeDwSzxlInMpB8eNrQhSvt0AqN7W3UmYRkdINSFD-pjirNxmVu6-XFQJTCr6XMA4NEG883APqYq1NH1Cahokeg\/s1019\/4.png\" target=\"_blank\" rel=\"noopener\"><img loading=\"lazy\" decoding=\"async\" class=\"aligncenter size-medium\" src=\"https:\/\/blogger.googleusercontent.com\/img\/b\/R29vZ2xl\/AVvXsEgJ90U0Vcc9hnNPSdIlzsNvE7sNN-D7XpcqlXKcIg4R1IMZ_yt6-Ku7roee0_CwyDj4NWIEOSjanM0IFxcwvM6viaTb-SB8qw-y-1HIzeDwSzxlInMpB8eNrQhSvt0AqN7W3UmYRkdINSFD-pjirNxmVu6-XFQJTCr6XMA4NEG883APqYq1NH1Cahokeg\/s1019\/4.png\" width=\"1019\" height=\"678\" \/><\/a><\/p>\n<p style=\"text-align: center\"><span style=\"font-size: 10pt\"><strong><span style=\"font-family: verdana, geneva, sans-serif\">Rates % (Taxas %); Number of Persons in Thousands (N\u00famero de Pessoas em Milhares); Euro Area (Zona Euro); EU (Uni\u00e3o Europeia \u2013 UE); : (Dados n\u00e3o Dispon\u00edveis).<\/span><\/strong><\/span><\/p>\n<p style=\"text-align: center\"><span style=\"font-size: 10pt\"><strong><span style=\"font-family: verdana, geneva, sans-serif\">Nota : Iceland (Isl\u00e2ndia), Norway (Noruega) e Switzerland (Su\u00ed\u00e7a) n\u00e3o fazem parte da UE.<\/span><\/strong><\/span><\/p>\n<p style=\"text-align: center\"><span style=\"font-size: 10pt\"><strong><span style=\"font-family: verdana, geneva, sans-serif\">Nota 2: B\u00e9lgica, Cro\u00e1cia, Chipre, Rom\u00e9nia e Eslov\u00e9nia (Dados Trimestrais).<\/span><\/strong><\/span><\/p>\n<p style=\"text-align: center\"><span style=\"font-size: 10pt\"><strong><span style=\"font-family: verdana, geneva, sans-serif\">Fonte: Eurostat.<\/span><\/strong><\/span><\/p>\n<p>&nbsp;<\/p>\n<p><span style=\"font-size: 14pt;font-family: verdana, geneva, sans-serif\">Em novembro de 2022, a taxa de desemprego das mulheres foi de 6.4% na UE (est\u00e1vel em rela\u00e7\u00e3o ao m\u00eas anterior); a dos homens, 5.7% (tamb\u00e9m est\u00e1vel em rela\u00e7\u00e3o ao m\u00eas anterior). Na zona euro, a taxa de desemprego das mulheres foi de 7% em novembro de 2022 (est\u00e1vel em rela\u00e7\u00e3o ao m\u00eas anterior); a dos homens, 6.1% (tamb\u00e9m est\u00e1vel em rela\u00e7\u00e3o ao m\u00eas anterior).<\/span><\/p>\n<p>&nbsp;<\/p>\n<p><span style=\"font-size: 14pt;font-family: verdana, geneva, sans-serif\">Em Portugal, a taxa de desemprego das mulheres foi de 7% em novembro de 2022 (no m\u00eas anterior, a taxa foi de 6.4%); a dos homens, 5.7% (no m\u00eas anterior, a taxa foi de 5.6%).<\/span><\/p>\n<p>&nbsp;<\/p>\n<p style=\"text-align: center\"><strong><span style=\"font-size: 14pt;font-family: verdana, geneva, sans-serif\">Figura 5 \u2013 Taxa de Desemprego da Zona Euro e da UE, por G\u00e9nero<\/span><\/strong><\/p>\n<p><a href=\"https:\/\/blogger.googleusercontent.com\/img\/b\/R29vZ2xl\/AVvXsEh5YC70vp8AcLXKNdWejt4Gr5iwcltHirX-VIqj4bCBQhRYPciboUKMS8HQwOtllamWnYWkMkKiUAdofyi1U2zsB_YDNspDzGEKAbkNLOqGwZWcnmyMVtNci-Uyp7jf_6Bxs8cb3Nr9PVxKOgeNv6jSHNuP19KYLIYEKdqqb2NcJqa3iWfS_JJ1pjOLug\/s1020\/5.png\" target=\"_blank\" rel=\"noopener\"><img loading=\"lazy\" decoding=\"async\" class=\"aligncenter size-medium\" src=\"https:\/\/blogger.googleusercontent.com\/img\/b\/R29vZ2xl\/AVvXsEh5YC70vp8AcLXKNdWejt4Gr5iwcltHirX-VIqj4bCBQhRYPciboUKMS8HQwOtllamWnYWkMkKiUAdofyi1U2zsB_YDNspDzGEKAbkNLOqGwZWcnmyMVtNci-Uyp7jf_6Bxs8cb3Nr9PVxKOgeNv6jSHNuP19KYLIYEKdqqb2NcJqa3iWfS_JJ1pjOLug\/s1020\/5.png\" width=\"1020\" height=\"648\" \/><\/a><\/p>\n<p style=\"text-align: center\"><span style=\"font-size: 10pt\"><strong><span style=\"font-family: verdana, geneva, sans-serif\">Males (Homens); Females (Mulheres); Euro Area (Zona Euro); EU (Uni\u00e3o Europeia \u2013 UE); : (Dados n\u00e3o Dispon\u00edveis).<\/span><\/strong><\/span><\/p>\n<p style=\"text-align: center\"><span style=\"font-size: 10pt\"><strong><span style=\"font-family: verdana, geneva, sans-serif\">Nota: Iceland (Isl\u00e2ndia), Norway (Noruega) e Switzerland (Su\u00ed\u00e7a) n\u00e3o fazem parte da UE.<\/span><\/strong><\/span><\/p>\n<p style=\"text-align: center\"><span style=\"font-size: 10pt\"><strong><span style=\"font-family: verdana, geneva, sans-serif\">Fonte: Eurostat.<\/span><\/strong><\/span><\/p>\n<p>&nbsp;<\/p>\n<p>&nbsp;<\/p>\n<p><span style=\"font-size: 14pt;font-family: verdana, geneva, sans-serif\">Andr\u00e9 Marques<\/span><\/p>\n","protected":false},"excerpt":{"rendered":"<p>Nota: \u00c9 importante destacar que as taxas de desemprego divulgadas pelos governos (seja da Uni\u00e3o Europeia, dos EUA, do Brasil, ou de qualquer outro local), tendem a ser menores do que a real taxa de desemprego. Isto ocorre devido, por exemplo, a estas taxas n\u00e3o contarem as pessoas desencorajadas (que pararam de procurar emprego e [&hellip;]<\/p>\n","protected":false},"author":4,"featured_media":243004,"comment_status":"open","ping_status":"open","sticky":false,"template":"","format":"standard","meta":{"inline_featured_image":false,"site-sidebar-layout":"default","site-content-layout":"default","ast-site-content-layout":"","site-content-style":"default","site-sidebar-style":"default","ast-global-header-display":"","ast-banner-title-visibility":"","ast-main-header-display":"","ast-hfb-above-header-display":"","ast-hfb-below-header-display":"","ast-hfb-mobile-header-display":"","site-post-title":"","ast-breadcrumbs-content":"","ast-featured-img":"","footer-sml-layout":"","theme-transparent-header-meta":"default","adv-header-id-meta":"","stick-header-meta":"","header-above-stick-meta":"","header-main-stick-meta":"","header-below-stick-meta":"","astra-migrate-meta-layouts":"default","ast-page-background-enabled":"default","ast-page-background-meta":{"desktop":{"background-color":"var(--ast-global-color-4)","background-image":"","background-repeat":"repeat","background-position":"center center","background-size":"auto","background-attachment":"scroll","background-type":"","background-media":"","overlay-type":"","overlay-color":"","overlay-opacity":"","overlay-gradient":""},"tablet":{"background-color":"","background-image":"","background-repeat":"repeat","background-position":"center center","background-size":"auto","background-attachment":"scroll","background-type":"","background-media":"","overlay-type":"","overlay-color":"","overlay-opacity":"","overlay-gradient":""},"mobile":{"background-color":"","background-image":"","background-repeat":"repeat","background-position":"center center","background-size":"auto","background-attachment":"scroll","background-type":"","background-media":"","overlay-type":"","overlay-color":"","overlay-opacity":"","overlay-gradient":""}},"ast-content-background-meta":{"desktop":{"background-color":"var(--ast-global-color-5)","background-image":"","background-repeat":"repeat","background-position":"center center","background-size":"auto","background-attachment":"scroll","background-type":"","background-media":"","overlay-type":"","overlay-color":"","overlay-opacity":"","overlay-gradient":""},"tablet":{"background-color":"var(--ast-global-color-5)","background-image":"","background-repeat":"repeat","background-position":"center center","background-size":"auto","background-attachment":"scroll","background-type":"","background-media":"","overlay-type":"","overlay-color":"","overlay-opacity":"","overlay-gradient":""},"mobile":{"background-color":"var(--ast-global-color-5)","background-image":"","background-repeat":"repeat","background-position":"center center","background-size":"auto","background-attachment":"scroll","background-type":"","background-media":"","overlay-type":"","overlay-color":"","overlay-opacity":"","overlay-gradient":""}},"footnotes":""},"categories":[1],"tags":[],"class_list":["post-244145","post","type-post","status-publish","format-standard","has-post-thumbnail","hentry","category-sem-categoria"],"_links":{"self":[{"href":"https:\/\/elementum.pt\/pt-pt\/wp-json\/wp\/v2\/posts\/244145","targetHints":{"allow":["GET"]}}],"collection":[{"href":"https:\/\/elementum.pt\/pt-pt\/wp-json\/wp\/v2\/posts"}],"about":[{"href":"https:\/\/elementum.pt\/pt-pt\/wp-json\/wp\/v2\/types\/post"}],"author":[{"embeddable":true,"href":"https:\/\/elementum.pt\/pt-pt\/wp-json\/wp\/v2\/users\/4"}],"replies":[{"embeddable":true,"href":"https:\/\/elementum.pt\/pt-pt\/wp-json\/wp\/v2\/comments?post=244145"}],"version-history":[{"count":0,"href":"https:\/\/elementum.pt\/pt-pt\/wp-json\/wp\/v2\/posts\/244145\/revisions"}],"wp:featuredmedia":[{"embeddable":true,"href":"https:\/\/elementum.pt\/pt-pt\/wp-json\/wp\/v2\/media\/243004"}],"wp:attachment":[{"href":"https:\/\/elementum.pt\/pt-pt\/wp-json\/wp\/v2\/media?parent=244145"}],"wp:term":[{"taxonomy":"category","embeddable":true,"href":"https:\/\/elementum.pt\/pt-pt\/wp-json\/wp\/v2\/categories?post=244145"},{"taxonomy":"post_tag","embeddable":true,"href":"https:\/\/elementum.pt\/pt-pt\/wp-json\/wp\/v2\/tags?post=244145"}],"curies":[{"name":"wp","href":"https:\/\/api.w.org\/{rel}","templated":true}]}}