{"id":243974,"date":"2022-12-13T13:52:57","date_gmt":"2022-12-13T13:52:57","guid":{"rendered":"https:\/\/elementum.pt\/?p=243974"},"modified":"2022-12-13T13:52:57","modified_gmt":"2022-12-13T13:52:57","slug":"taxa-de-desemprego-da-zona-euro-diminuiu-para-6-5-em-outubro-de-2022","status":"publish","type":"post","link":"https:\/\/elementum.pt\/pt-pt\/taxa-de-desemprego-da-zona-euro-diminuiu-para-6-5-em-outubro-de-2022\/","title":{"rendered":"Taxa de Desemprego da Zona Euro Diminuiu para 6.5% em Outubro de 2022"},"content":{"rendered":"<p><span style=\"font-family: verdana, geneva, sans-serif;font-size: 14pt\"><strong>Nota<\/strong>: \u00c9 importante destacar que as taxas de desemprego divulgadas pelos governos (seja da Uni\u00e3o Europeia, dos EUA, do Brasil, ou de qualquer outro local), tendem a ser menores do que a real taxa de desemprego. Isto ocorre devido, por exemplo, a estas taxas n\u00e3o contarem as pessoas desencorajadas (que pararam de procurar emprego e n\u00e3o est\u00e3o contados na for\u00e7a de trabalho) e\/ou que est\u00e3o a realizar trabalhos ocasionais. Veja exemplos <a href=\"https:\/\/www.mises.org.br\/Article.aspx?id=1471\" target=\"_blank\" rel=\"noopener\">aqui<\/a>, <a href=\"https:\/\/mises.org.br\/Article.aspx?id=433\" target=\"_blank\" rel=\"noopener\">aqui<\/a> e <a href=\"https:\/\/youtu.be\/VmA1oXAGEIE\" target=\"_blank\" rel=\"noopener\">aqui<\/a>.<\/span><\/p>\n<p>&nbsp;<\/p>\n<p><span style=\"font-family: verdana, geneva, sans-serif;font-size: 14pt\"><a href=\"https:\/\/ec.europa.eu\/eurostat\/documents\/2995521\/15497496\/3-01122022-AP-EN.pdf\/eaaa1272-82e4-2456-ed30-e6f29f801bd8\" target=\"_blank\" rel=\"noopener\">Segundo a Eurostat<\/a>, em outubro de 2022 a taxa de desemprego da zona euro foi de 6.5%, uma diminui\u00e7\u00e3o em rela\u00e7\u00e3o aos 6.6% do <a href=\"https:\/\/elementum.pt\/pt-pt\/taxa-de-desemprego-da-zona-euro-permaneceu-em-6-6-em-agosto-de-2022\/\" target=\"_blank\" rel=\"noopener\">m\u00eas anterior<\/a>\u00a0e menor do que os 7.3% de outubro de 2021. J\u00e1 a taxa de desemprego da Uni\u00e3o Europeia (UE) foi de 6% em outubro de 2022, uma diminui\u00e7\u00e3o em rela\u00e7\u00e3o aos 6.1% (dado ajustado) do m\u00eas anterior e menor do que os 6.6% em outubro de 2021.<\/span><\/p>\n<p>&nbsp;<\/p>\n<p style=\"text-align: center\"><strong><span style=\"font-family: verdana, geneva, sans-serif;font-size: 14pt\">Figura 1 \u2013 Taxa de Desemprego da UE e da Zona Euro<\/span><\/strong><\/p>\n<p><a href=\"https:\/\/blogger.googleusercontent.com\/img\/b\/R29vZ2xl\/AVvXsEjUKSDiIUvNIFfSm3mQ8c-ymsXQipoG4dCaVrWjeLDyIrf_vDzK5to9E4FKPYH47rAo-V-CSY7IuGZ9tQgM2KjmN-iOWYOUmmyI6cTUxGFmTyXggJ8QxPu8XPw0SElyjwBcCmbdjo-zlUQ45NWA3mH3BZ0snYkEKIw8fxrYRGuYfEV4e22f7IKtCN7Pyg\/s685\/1.png\" target=\"_blank\" rel=\"noopener\"><img fetchpriority=\"high\" decoding=\"async\" class=\"aligncenter size-medium\" src=\"https:\/\/blogger.googleusercontent.com\/img\/b\/R29vZ2xl\/AVvXsEjUKSDiIUvNIFfSm3mQ8c-ymsXQipoG4dCaVrWjeLDyIrf_vDzK5to9E4FKPYH47rAo-V-CSY7IuGZ9tQgM2KjmN-iOWYOUmmyI6cTUxGFmTyXggJ8QxPu8XPw0SElyjwBcCmbdjo-zlUQ45NWA3mH3BZ0snYkEKIw8fxrYRGuYfEV4e22f7IKtCN7Pyg\/s685\/1.png\" width=\"685\" height=\"468\" \/><\/a><\/p>\n<p style=\"text-align: center\"><span style=\"font-size: 10pt\"><strong><span style=\"font-family: verdana, geneva, sans-serif\">Zona Euro (Linha Vermelha); UE (Linha Azul).<\/span><\/strong><\/span><\/p>\n<p style=\"text-align: center\"><span style=\"font-size: 10pt\"><strong><span style=\"font-family: verdana, geneva, sans-serif\">Fonte: Eurostat.<\/span><\/strong><\/span><\/p>\n<p>&nbsp;<\/p>\n<p><span style=\"font-family: verdana, geneva, sans-serif;font-size: 14pt\">A Eurostat estima que 12,953 milh\u00f5es de pessoas na UE (dos quais 10,872 milh\u00f5es na zona euro) estavam desempregadas em outubro de 2022. Em compara\u00e7\u00e3o a outubro de 2021, a quantidade de pessoas desempregadas teve uma diminui\u00e7\u00e3o de diminuiu 1,158 milh\u00f5es na UE e 1,053 milh\u00f5es na zona euro.<\/span><\/p>\n<p>&nbsp;<\/p>\n<p><span style=\"font-family: verdana, geneva, sans-serif;font-size: 14pt\">Em Portugal, a taxa de desemprego foi de 6.1% em outubro de 2022, com 317 mil pessoas desempregadas.<\/span><\/p>\n<p>&nbsp;<\/p>\n<p style=\"text-align: center\"><strong><span style=\"font-family: verdana, geneva, sans-serif;font-size: 14pt\">Figura 2 \u2013 Taxas e Total do Desemprego da UE e da Zona Euro<\/span><\/strong><\/p>\n<p><a href=\"https:\/\/blogger.googleusercontent.com\/img\/b\/R29vZ2xl\/AVvXsEgiwT9r0JP9rnvmzSPz5atq8ugv5A_sxNnZ57JPk8N9QJyGiDA-GS-M_TGTltxa8la2jbC_MdceV_zNZGsElFXVILwfCm5oGpc7aIKiUa-iLR-jF7SL_h9T8tZXY-FCMWwYVYtfSbx2K7zqIgfKFWU98bo68aRT1OUp3NHvlHR486oaYkyZWDV0u7EzkA\/s1017\/2.png\" target=\"_blank\" rel=\"noopener\"><img decoding=\"async\" class=\"aligncenter size-medium\" src=\"https:\/\/blogger.googleusercontent.com\/img\/b\/R29vZ2xl\/AVvXsEgiwT9r0JP9rnvmzSPz5atq8ugv5A_sxNnZ57JPk8N9QJyGiDA-GS-M_TGTltxa8la2jbC_MdceV_zNZGsElFXVILwfCm5oGpc7aIKiUa-iLR-jF7SL_h9T8tZXY-FCMWwYVYtfSbx2K7zqIgfKFWU98bo68aRT1OUp3NHvlHR486oaYkyZWDV0u7EzkA\/s1017\/2.png\" width=\"1017\" height=\"663\" \/><\/a><\/p>\n<p style=\"text-align: center\"><span style=\"font-size: 10pt\"><strong><span style=\"font-family: verdana, geneva, sans-serif\">Rates % (Taxas %); Number of Persons in Thousands (N\u00famero de Pessoas em Milhares); Euro Area (Zona Euro); EU (Uni\u00e3o Europeia \u2013 UE); : (Dados N\u00e3o Dispon\u00edveis).<\/span><\/strong><\/span><\/p>\n<p style=\"text-align: center\"><span style=\"font-size: 10pt\"><strong><span style=\"font-family: verdana, geneva, sans-serif\">Nota: Iceland (Isl\u00e2ndia), Norway (Noruega) e Switzerland (Su\u00ed\u00e7a) n\u00e3o fazem parte da UE.<\/span><\/strong><\/span><\/p>\n<p style=\"text-align: center\"><span style=\"font-size: 10pt\"><strong><span style=\"font-family: verdana, geneva, sans-serif\">Fonte: Eurostat.<\/span><\/strong><\/span><\/p>\n<p>&nbsp;<\/p>\n<p><span style=\"font-family: verdana, geneva, sans-serif;font-size: 14pt\">Em outubro de 2022, a taxa de desemprego dos jovens (menores de 25 anos) foi de 15% na zona euro e de 15.1% na UE, ambas abaixo dos 15.2% do m\u00eas anterior.<\/span><\/p>\n<p>&nbsp;<\/p>\n<p style=\"text-align: center\"><strong><span style=\"font-family: verdana, geneva, sans-serif;font-size: 14pt\">Figura 3 \u2013 Taxa de Desemprego dos Jovens Menores de 25 Anos da UE e da Zona Euro<\/span><\/strong><\/p>\n<p><a href=\"https:\/\/blogger.googleusercontent.com\/img\/b\/R29vZ2xl\/AVvXsEjFYl1lf-YlYOmXJuvx85g-F8UR4kytcrJTPVlSOrB2Cr4YEET2Pcu1hT4x82hCLseTCAkgQExyF83WQf0QwRxG_VCbjuq_FEzVScjZ_ceMc7PCjGfbm3DevMBRzgmBZRbq7F6tMrT-406Ssl7r0W5LMDnxUAqKs60RWbRQdtbAniT71CfVdKftftVW_Q\/s688\/3.png\" target=\"_blank\" rel=\"noopener\"><img decoding=\"async\" class=\"aligncenter size-medium\" src=\"https:\/\/blogger.googleusercontent.com\/img\/b\/R29vZ2xl\/AVvXsEjFYl1lf-YlYOmXJuvx85g-F8UR4kytcrJTPVlSOrB2Cr4YEET2Pcu1hT4x82hCLseTCAkgQExyF83WQf0QwRxG_VCbjuq_FEzVScjZ_ceMc7PCjGfbm3DevMBRzgmBZRbq7F6tMrT-406Ssl7r0W5LMDnxUAqKs60RWbRQdtbAniT71CfVdKftftVW_Q\/s688\/3.png\" width=\"688\" height=\"468\" \/><\/a><\/p>\n<p style=\"text-align: center\"><span style=\"font-size: 10pt\"><strong><span style=\"font-family: verdana, geneva, sans-serif\">Zona Euro (Linha Vermelha); UE (Linha Azul).<\/span><\/strong><\/span><\/p>\n<p style=\"text-align: center\"><span style=\"font-size: 10pt\"><strong><span style=\"font-family: verdana, geneva, sans-serif\">Fonte: Eurostat.<\/span><\/strong><\/span><\/p>\n<p>&nbsp;<\/p>\n<p><span style=\"font-family: verdana, geneva, sans-serif;font-size: 14pt\">Em outubro de 2022, 2,872 milh\u00f5es de jovens estavam desempregados na EU (dos quais 2,326 milh\u00f5es na zona euro). Em rela\u00e7\u00e3o a outubro de 2021, o desemprego dos jovens teve um aumento de 102 mil na UE e 81 mil na zona euro.<\/span><\/p>\n<p>&nbsp;<\/p>\n<p><span style=\"font-family: verdana, geneva, sans-serif;font-size: 14pt\">Em Portugal, da taxa do desemprego jovem foi de 17.6% em outubro de 2022, com 61 mil jovens desempregados.<\/span><\/p>\n<p>&nbsp;<\/p>\n<p style=\"text-align: center\"><strong><span style=\"font-family: verdana, geneva, sans-serif;font-size: 14pt\">Figura 4 \u2013 Taxas e Total do Desemprego dos Jovens (Menores de 25 Anos) da UE e da Zona Euro<\/span><\/strong><\/p>\n<p><a href=\"https:\/\/blogger.googleusercontent.com\/img\/b\/R29vZ2xl\/AVvXsEhpV7KYxwpGcprpG1TsPUZN-njfE2iVoheQJH46ADRqaunyjuntlkZowVXgzYuv6PaAsRW6ytz5wBz7RtdeDBlcHocw9yk-ewa6SVNl0ED4XEjT_ka7Vd8BiVqWB5oWWopvopxHnJfo-Zd0w1n4_Xm0bdA_gsuXSTJuuo1suCo_3ecHWwhGjTQhKKbNBw\/s1018\/4.png\" target=\"_blank\" rel=\"noopener\"><img loading=\"lazy\" decoding=\"async\" class=\"aligncenter size-medium\" src=\"https:\/\/blogger.googleusercontent.com\/img\/b\/R29vZ2xl\/AVvXsEhpV7KYxwpGcprpG1TsPUZN-njfE2iVoheQJH46ADRqaunyjuntlkZowVXgzYuv6PaAsRW6ytz5wBz7RtdeDBlcHocw9yk-ewa6SVNl0ED4XEjT_ka7Vd8BiVqWB5oWWopvopxHnJfo-Zd0w1n4_Xm0bdA_gsuXSTJuuo1suCo_3ecHWwhGjTQhKKbNBw\/s1018\/4.png\" width=\"1018\" height=\"659\" \/><\/a><\/p>\n<p style=\"text-align: center\"><span style=\"font-size: 10pt\"><strong><span style=\"font-family: verdana, geneva, sans-serif\">Rates % (Taxas %); Number of Persons in Thousands (N\u00famero de Pessoas em Milhares); Euro Area (Zona Euro); EU (Uni\u00e3o Europeia \u2013 UE); : (Dados n\u00e3o Dispon\u00edveis); * (Dados do 2\u00ba Trimestre de 2022).<\/span><\/strong><\/span><\/p>\n<p style=\"text-align: center\"><span style=\"font-size: 10pt\"><strong><span style=\"font-family: verdana, geneva, sans-serif\">Nota : Iceland (Isl\u00e2ndia), Norway (Noruega) e Switzerland (Su\u00ed\u00e7a) n\u00e3o fazem parte da UE.<\/span><\/strong><\/span><\/p>\n<p style=\"text-align: center\"><span style=\"font-size: 10pt\"><strong><span style=\"font-family: verdana, geneva, sans-serif\">Nota 2: B\u00e9lgica, Cro\u00e1cia, Chipre, Rom\u00e9nia e Eslov\u00e9nia (Dados Trimestrais).<\/span><\/strong><\/span><\/p>\n<p style=\"text-align: center\"><span style=\"font-size: 10pt\"><strong><span style=\"font-family: verdana, geneva, sans-serif\">Fonte: Eurostat.<\/span><\/strong><\/span><\/p>\n<p>&nbsp;<\/p>\n<p><span style=\"font-family: verdana, geneva, sans-serif;font-size: 14pt\">Em outubro de 2022, a taxa de desemprego das mulheres foi de 6.4% na UE (est\u00e1vel em rela\u00e7\u00e3o ao m\u00eas anterior); a dos homens, 5.7% (uma diminui\u00e7\u00e3o em rela\u00e7\u00e3o aos 5.8% do m\u00eas anterior). Na zona euro, a taxa de desemprego das mulheres foi de 7% em outubro de 2022 (uma diminui\u00e7\u00e3o em rela\u00e7\u00e3o aos 7.1% do m\u00eas anterior); a dos homens, 6.1% (uma diminui\u00e7\u00e3o em rela\u00e7\u00e3o aos 6.2% do m\u00eas anterior).<\/span><\/p>\n<p>&nbsp;<\/p>\n<p><span style=\"font-family: verdana, geneva, sans-serif;font-size: 14pt\">Em Portugal, a taxa de desemprego das mulheres foi de 6.5% em outubro de 2022 (no m\u00eas anterior, a taxa foi de 6.6%); a dos homens, 5.7% (est\u00e1vel em rela\u00e7\u00e3o ao m\u00eas anterior).<\/span><\/p>\n<p>&nbsp;<\/p>\n<p style=\"text-align: center\"><strong><span style=\"font-family: verdana, geneva, sans-serif;font-size: 14pt\">Figura 5 \u2013 Taxa de Desemprego da Zona Euro e da UE, por G\u00e9nero<\/span><\/strong><\/p>\n<p><a href=\"https:\/\/blogger.googleusercontent.com\/img\/b\/R29vZ2xl\/AVvXsEiEEbx86r_4wPROzkvuyJvW63N9Pa0a9JMHcdR04SAJaaHH82tndqv78onJth9ueex8Hndg1Gi44gio1cS_Oi0bR1kJW2jcJmhzazf0XhWFNMVJMREDbg1ZizPS-LA0FDW9GFtYyw828vp3PqMsovVJPcAtQIKy3V975b5MejP_GgzbyxlygpROVChpHA\/s1018\/5.png\" target=\"_blank\" rel=\"noopener\"><img loading=\"lazy\" decoding=\"async\" class=\"aligncenter size-medium\" src=\"https:\/\/blogger.googleusercontent.com\/img\/b\/R29vZ2xl\/AVvXsEiEEbx86r_4wPROzkvuyJvW63N9Pa0a9JMHcdR04SAJaaHH82tndqv78onJth9ueex8Hndg1Gi44gio1cS_Oi0bR1kJW2jcJmhzazf0XhWFNMVJMREDbg1ZizPS-LA0FDW9GFtYyw828vp3PqMsovVJPcAtQIKy3V975b5MejP_GgzbyxlygpROVChpHA\/s1018\/5.png\" width=\"1018\" height=\"634\" \/><\/a><\/p>\n<p style=\"text-align: center\"><span style=\"font-size: 10pt\"><strong><span style=\"font-family: verdana, geneva, sans-serif\">Males (Homens); Females (Mulheres); Euro Area (Zona Euro); EU (Uni\u00e3o Europeia \u2013 UE); : (Dados n\u00e3o Dispon\u00edveis).<\/span><\/strong><\/span><\/p>\n<p style=\"text-align: center\"><span style=\"font-size: 10pt\"><strong><span style=\"font-family: verdana, geneva, sans-serif\">Nota: Iceland (Isl\u00e2ndia), Norway (Noruega) e Switzerland (Su\u00ed\u00e7a) n\u00e3o fazem parte da UE.<\/span><\/strong><\/span><\/p>\n<p style=\"text-align: center\"><span style=\"font-size: 10pt\"><strong><span style=\"font-family: verdana, geneva, sans-serif\">Fonte: Eurostat.<\/span><\/strong><\/span><\/p>\n<p>&nbsp;<\/p>\n<p>&nbsp;<\/p>\n<p><span style=\"font-family: verdana, geneva, sans-serif;font-size: 14pt\">Andr\u00e9 Marques<\/span><\/p>\n","protected":false},"excerpt":{"rendered":"<p>Nota: \u00c9 importante destacar que as taxas de desemprego divulgadas pelos governos (seja da Uni\u00e3o Europeia, dos EUA, do Brasil, ou de qualquer outro local), tendem a ser menores do que a real taxa de desemprego. Isto ocorre devido, por exemplo, a estas taxas n\u00e3o contarem as pessoas desencorajadas (que pararam de procurar emprego e [&hellip;]<\/p>\n","protected":false},"author":4,"featured_media":243004,"comment_status":"open","ping_status":"open","sticky":false,"template":"","format":"standard","meta":{"inline_featured_image":false,"site-sidebar-layout":"default","site-content-layout":"default","ast-site-content-layout":"","site-content-style":"default","site-sidebar-style":"default","ast-global-header-display":"","ast-banner-title-visibility":"","ast-main-header-display":"","ast-hfb-above-header-display":"","ast-hfb-below-header-display":"","ast-hfb-mobile-header-display":"","site-post-title":"","ast-breadcrumbs-content":"","ast-featured-img":"","footer-sml-layout":"","theme-transparent-header-meta":"default","adv-header-id-meta":"","stick-header-meta":"","header-above-stick-meta":"","header-main-stick-meta":"","header-below-stick-meta":"","astra-migrate-meta-layouts":"default","ast-page-background-enabled":"default","ast-page-background-meta":{"desktop":{"background-color":"var(--ast-global-color-4)","background-image":"","background-repeat":"repeat","background-position":"center center","background-size":"auto","background-attachment":"scroll","background-type":"","background-media":"","overlay-type":"","overlay-color":"","overlay-opacity":"","overlay-gradient":""},"tablet":{"background-color":"","background-image":"","background-repeat":"repeat","background-position":"center center","background-size":"auto","background-attachment":"scroll","background-type":"","background-media":"","overlay-type":"","overlay-color":"","overlay-opacity":"","overlay-gradient":""},"mobile":{"background-color":"","background-image":"","background-repeat":"repeat","background-position":"center center","background-size":"auto","background-attachment":"scroll","background-type":"","background-media":"","overlay-type":"","overlay-color":"","overlay-opacity":"","overlay-gradient":""}},"ast-content-background-meta":{"desktop":{"background-color":"var(--ast-global-color-5)","background-image":"","background-repeat":"repeat","background-position":"center center","background-size":"auto","background-attachment":"scroll","background-type":"","background-media":"","overlay-type":"","overlay-color":"","overlay-opacity":"","overlay-gradient":""},"tablet":{"background-color":"var(--ast-global-color-5)","background-image":"","background-repeat":"repeat","background-position":"center center","background-size":"auto","background-attachment":"scroll","background-type":"","background-media":"","overlay-type":"","overlay-color":"","overlay-opacity":"","overlay-gradient":""},"mobile":{"background-color":"var(--ast-global-color-5)","background-image":"","background-repeat":"repeat","background-position":"center center","background-size":"auto","background-attachment":"scroll","background-type":"","background-media":"","overlay-type":"","overlay-color":"","overlay-opacity":"","overlay-gradient":""}},"footnotes":""},"categories":[1],"tags":[],"class_list":["post-243974","post","type-post","status-publish","format-standard","has-post-thumbnail","hentry","category-sem-categoria"],"_links":{"self":[{"href":"https:\/\/elementum.pt\/pt-pt\/wp-json\/wp\/v2\/posts\/243974","targetHints":{"allow":["GET"]}}],"collection":[{"href":"https:\/\/elementum.pt\/pt-pt\/wp-json\/wp\/v2\/posts"}],"about":[{"href":"https:\/\/elementum.pt\/pt-pt\/wp-json\/wp\/v2\/types\/post"}],"author":[{"embeddable":true,"href":"https:\/\/elementum.pt\/pt-pt\/wp-json\/wp\/v2\/users\/4"}],"replies":[{"embeddable":true,"href":"https:\/\/elementum.pt\/pt-pt\/wp-json\/wp\/v2\/comments?post=243974"}],"version-history":[{"count":0,"href":"https:\/\/elementum.pt\/pt-pt\/wp-json\/wp\/v2\/posts\/243974\/revisions"}],"wp:featuredmedia":[{"embeddable":true,"href":"https:\/\/elementum.pt\/pt-pt\/wp-json\/wp\/v2\/media\/243004"}],"wp:attachment":[{"href":"https:\/\/elementum.pt\/pt-pt\/wp-json\/wp\/v2\/media?parent=243974"}],"wp:term":[{"taxonomy":"category","embeddable":true,"href":"https:\/\/elementum.pt\/pt-pt\/wp-json\/wp\/v2\/categories?post=243974"},{"taxonomy":"post_tag","embeddable":true,"href":"https:\/\/elementum.pt\/pt-pt\/wp-json\/wp\/v2\/tags?post=243974"}],"curies":[{"name":"wp","href":"https:\/\/api.w.org\/{rel}","templated":true}]}}