{"id":243833,"date":"2022-11-08T14:57:16","date_gmt":"2022-11-08T14:57:16","guid":{"rendered":"https:\/\/elementum.pt\/?p=243833"},"modified":"2022-11-17T16:41:19","modified_gmt":"2022-11-17T16:41:19","slug":"divida-publica-portuguesa-teve-um-aumento-de-e-1-6-mil-milhoes-em-setembro-de-2022","status":"publish","type":"post","link":"https:\/\/elementum.pt\/pt-pt\/divida-publica-portuguesa-teve-um-aumento-de-e-1-6-mil-milhoes-em-setembro-de-2022\/","title":{"rendered":"D\u00edvida P\u00fablica Portuguesa Teve um Aumento de \u20ac 1.6 Mil Milh\u00f5es em Setembro de 2022"},"content":{"rendered":"<p><span style=\"font-family: verdana, geneva, sans-serif; font-size: 14pt;\">Segundo o <a href=\"https:\/\/bpstat.bportugal.pt\/conteudos\/noticias\/1792\" target=\"_blank\" rel=\"noopener\">Banco de Portugal<\/a>, em setembro de 2022, a d\u00edvida p\u00fablica na \u00f3tica de Maastricht em Portugal sofreu um aumento de \u20ac 1.6 mil milh\u00f5es em rela\u00e7\u00e3o ao <a href=\"https:\/\/elementum.pt\/pt-pt\/divida-publica-portuguesa-teve-uma-queda-de-e-900-milhoes-em-agosto-de-2022\/\" target=\"_blank\" rel=\"noopener\">m\u00eas anterior<\/a>, atingindo \u20ac 279.8 mil milh\u00f5es.<\/span><\/p>\n<p>&nbsp;<\/p>\n<p><span style=\"font-family: verdana, geneva, sans-serif; font-size: 14pt;\">A d\u00edvida p\u00fablica na \u00f3tica de Maastricht \u00e9 formada por <a href=\"https:\/\/bpstat.bportugal.pt\/conteudos\/publicacoes\/813\" target=\"_blank\" rel=\"noopener\">tr\u00eas componentes<\/a>: numer\u00e1rio e dep\u00f3sitos constitu\u00eddos junto das administra\u00e7\u00f5es p\u00fablicas (como os certificados de aforro ou do Tesouro); t\u00edtulos de d\u00edvida emitidos pelas administra\u00e7\u00f5es p\u00fablicas (como obriga\u00e7\u00f5es e bilhetes do Tesouro); empr\u00e9stimos obtidos pelas entidades da administra\u00e7\u00e3o p\u00fablica.<\/span><\/p>\n<p>&nbsp;<\/p>\n<p><span style=\"font-family: verdana, geneva, sans-serif; font-size: 14pt;\">Os dep\u00f3sitos das administra\u00e7\u00f5es p\u00fablicas sofreram um aumento de \u20ac 3.6 mil milh\u00f5es. Deduzida desses dep\u00f3sitos, a d\u00edvida p\u00fablica diminuiu \u20ac 2 mil milh\u00f5es, atingindo \u20ac 250.5 mil milh\u00f5es.<\/span><\/p>\n<p>&nbsp;<\/p>\n<p style=\"text-align: center;\"><strong><span style=\"font-family: verdana, geneva, sans-serif; font-size: 14pt;\">Figura 1 \u2013 Evolu\u00e7\u00e3o Mensal da D\u00edvida P\u00fablica Portuguesa, em Milh\u00f5es de Euros<\/span><\/strong><\/p>\n<p><a href=\"https:\/\/blogger.googleusercontent.com\/img\/b\/R29vZ2xl\/AVvXsEjAZNLfbVcfVuDbLXpa40Lu_qflFvPvIIbvBECmYvfm6EPq-x-L1akF2ixqLDgqr2Fh899PklBmYDU3YUCD4gcWTsritbOXdG-VMQchNIqnvgXD9rcch4HHPjrRSuB-CoMGrRsWnhJbGCnzDp7cHPGMUnp4dKLXpNi9iu5hrfPvat8Zq8Uxr7mPYHMg-Q\/s1400\/1.png\" target=\"_blank\" rel=\"noopener\"><img fetchpriority=\"high\" decoding=\"async\" class=\"aligncenter size-medium\" src=\"https:\/\/blogger.googleusercontent.com\/img\/b\/R29vZ2xl\/AVvXsEjAZNLfbVcfVuDbLXpa40Lu_qflFvPvIIbvBECmYvfm6EPq-x-L1akF2ixqLDgqr2Fh899PklBmYDU3YUCD4gcWTsritbOXdG-VMQchNIqnvgXD9rcch4HHPjrRSuB-CoMGrRsWnhJbGCnzDp7cHPGMUnp4dKLXpNi9iu5hrfPvat8Zq8Uxr7mPYHMg-Q\/s1400\/1.png\" width=\"1400\" height=\"650\" \/><\/a><\/p>\n<p style=\"text-align: center;\"><span style=\"font-size: 10pt;\"><strong><span style=\"font-family: verdana, geneva, sans-serif;\">Fonte: Banco de Portugal.<\/span><\/strong><\/span><\/p>\n<p>&nbsp;<\/p>\n<p><span style=\"font-family: verdana, geneva, sans-serif; font-size: 14pt;\">O acr\u00e9scimo da d\u00edvida p\u00fablica portuguesa refletiu (conforme a figura abaixo) o aumento de responsabilidades em dep\u00f3sitos (\u20ac 900 milh\u00f5es), sobretudo em certificados de aforro, e as emiss\u00f5es l\u00edquidas de t\u00edtulos de d\u00edvida (\u20ac 700 milh\u00f5es).<\/span><\/p>\n<p>&nbsp;<\/p>\n<p style=\"text-align: center;\"><strong><span style=\"font-family: verdana, geneva, sans-serif; font-size: 14pt;\">Figura 2 \u2013 Varia\u00e7\u00e3o Mensal da D\u00edvida P\u00fablica, por Instrumento<\/span><\/strong><\/p>\n<p><a href=\"https:\/\/blogger.googleusercontent.com\/img\/b\/R29vZ2xl\/AVvXsEj2Wy5EMKV5wcq_yq6NNAJjmfXytnnGB_mVMme0G7oHhsijKnyUC12jrnuGUqMbz2D2Uvu6qvxbMEqf6qSXmtibCFIJBUaRKYUhmmsXdJtPU-ih5YM1oXgDu6jGh73z5rzM0l64lQGdBsIqbvn1PH3Jvl3-qQF1DR8NV3PjvFd09PnkxOnjOGGbGHLEhQ\/s1400\/2.png\" target=\"_blank\" rel=\"noopener\"><img decoding=\"async\" class=\"aligncenter size-medium\" src=\"https:\/\/blogger.googleusercontent.com\/img\/b\/R29vZ2xl\/AVvXsEj2Wy5EMKV5wcq_yq6NNAJjmfXytnnGB_mVMme0G7oHhsijKnyUC12jrnuGUqMbz2D2Uvu6qvxbMEqf6qSXmtibCFIJBUaRKYUhmmsXdJtPU-ih5YM1oXgDu6jGh73z5rzM0l64lQGdBsIqbvn1PH3Jvl3-qQF1DR8NV3PjvFd09PnkxOnjOGGbGHLEhQ\/s1400\/2.png\" width=\"1400\" height=\"650\" \/><\/a><\/p>\n<p style=\"text-align: center;\"><span style=\"font-size: 10pt;\"><strong><span style=\"font-family: verdana, geneva, sans-serif;\">Fonte: Banco de Portugal.<\/span><\/strong><\/span><\/p>\n<p>&nbsp;<\/p>\n<p><span style=\"font-family: verdana, geneva, sans-serif; font-size: 14pt;\">No 3\u00ba trimestre de 2022, a d\u00edvida p\u00fablica foi de 120.5% do PIB, o que representa uma diminui\u00e7\u00e3o de 2.9% relativamente ao final do trimestre anterior.<\/span><\/p>\n<p>&nbsp;<\/p>\n<p style=\"text-align: center;\"><strong><span style=\"font-family: verdana, geneva, sans-serif; font-size: 14pt;\">Figura 3 \u2013 D\u00edvida P\u00fablica Portuguesa em Percentagem do PIB<\/span><\/strong><\/p>\n<p><a href=\"https:\/\/blogger.googleusercontent.com\/img\/b\/R29vZ2xl\/AVvXsEj3MWLZQN5GCBAN77GaV4wH0n7RB-HPyJggI1TId8qQ00Q0uZZlMsZB1M-2g66gx-TebmyrI0kv8JJGX7H_olZp0-3Xo601ro_OZKgB0pa7wMu5Flz6zH3jN1GXnghZhP0v8xjFUTf0MD2o1L3v-CDrkviQZ2U5au9bOOCtLWRjGVYstRDKQgZ9zbpkcA\/s1400\/3.png\" target=\"_blank\" rel=\"noopener\"><img decoding=\"async\" class=\"aligncenter size-medium\" src=\"https:\/\/blogger.googleusercontent.com\/img\/b\/R29vZ2xl\/AVvXsEj3MWLZQN5GCBAN77GaV4wH0n7RB-HPyJggI1TId8qQ00Q0uZZlMsZB1M-2g66gx-TebmyrI0kv8JJGX7H_olZp0-3Xo601ro_OZKgB0pa7wMu5Flz6zH3jN1GXnghZhP0v8xjFUTf0MD2o1L3v-CDrkviQZ2U5au9bOOCtLWRjGVYstRDKQgZ9zbpkcA\/s1400\/3.png\" width=\"1400\" height=\"650\" \/><\/a><\/p>\n<p style=\"text-align: center;\"><span style=\"font-size: 10pt;\"><strong><span style=\"font-family: verdana, geneva, sans-serif;\">Fonte: Banco de Portugal.<\/span><\/strong><\/span><\/p>\n<p>&nbsp;<\/p>\n<p>&nbsp;<\/p>\n<p><span style=\"font-family: verdana, geneva, sans-serif; font-size: 14pt;\">Andr\u00e9 Marques<\/span><\/p>\n","protected":false},"excerpt":{"rendered":"<p>Segundo o Banco de Portugal, em setembro de 2022, a d\u00edvida p\u00fablica na \u00f3tica de Maastricht em Portugal sofreu um aumento de \u20ac 1.6 mil milh\u00f5es em rela\u00e7\u00e3o ao m\u00eas anterior, atingindo \u20ac 279.8 mil milh\u00f5es. &nbsp; A d\u00edvida p\u00fablica na \u00f3tica de Maastricht \u00e9 formada por tr\u00eas componentes: numer\u00e1rio e dep\u00f3sitos constitu\u00eddos junto das [&hellip;]<\/p>\n","protected":false},"author":4,"featured_media":239533,"comment_status":"open","ping_status":"open","sticky":false,"template":"","format":"standard","meta":{"inline_featured_image":false,"site-sidebar-layout":"default","site-content-layout":"default","ast-site-content-layout":"","site-content-style":"default","site-sidebar-style":"default","ast-global-header-display":"","ast-banner-title-visibility":"","ast-main-header-display":"","ast-hfb-above-header-display":"","ast-hfb-below-header-display":"","ast-hfb-mobile-header-display":"","site-post-title":"","ast-breadcrumbs-content":"","ast-featured-img":"","footer-sml-layout":"","theme-transparent-header-meta":"default","adv-header-id-meta":"","stick-header-meta":"","header-above-stick-meta":"","header-main-stick-meta":"","header-below-stick-meta":"","astra-migrate-meta-layouts":"default","ast-page-background-enabled":"default","ast-page-background-meta":{"desktop":{"background-color":"var(--ast-global-color-4)","background-image":"","background-repeat":"repeat","background-position":"center center","background-size":"auto","background-attachment":"scroll","background-type":"","background-media":"","overlay-type":"","overlay-color":"","overlay-opacity":"","overlay-gradient":""},"tablet":{"background-color":"","background-image":"","background-repeat":"repeat","background-position":"center center","background-size":"auto","background-attachment":"scroll","background-type":"","background-media":"","overlay-type":"","overlay-color":"","overlay-opacity":"","overlay-gradient":""},"mobile":{"background-color":"","background-image":"","background-repeat":"repeat","background-position":"center center","background-size":"auto","background-attachment":"scroll","background-type":"","background-media":"","overlay-type":"","overlay-color":"","overlay-opacity":"","overlay-gradient":""}},"ast-content-background-meta":{"desktop":{"background-color":"var(--ast-global-color-5)","background-image":"","background-repeat":"repeat","background-position":"center center","background-size":"auto","background-attachment":"scroll","background-type":"","background-media":"","overlay-type":"","overlay-color":"","overlay-opacity":"","overlay-gradient":""},"tablet":{"background-color":"var(--ast-global-color-5)","background-image":"","background-repeat":"repeat","background-position":"center center","background-size":"auto","background-attachment":"scroll","background-type":"","background-media":"","overlay-type":"","overlay-color":"","overlay-opacity":"","overlay-gradient":""},"mobile":{"background-color":"var(--ast-global-color-5)","background-image":"","background-repeat":"repeat","background-position":"center center","background-size":"auto","background-attachment":"scroll","background-type":"","background-media":"","overlay-type":"","overlay-color":"","overlay-opacity":"","overlay-gradient":""}},"footnotes":""},"categories":[1],"tags":[],"class_list":["post-243833","post","type-post","status-publish","format-standard","has-post-thumbnail","hentry","category-sem-categoria"],"_links":{"self":[{"href":"https:\/\/elementum.pt\/pt-pt\/wp-json\/wp\/v2\/posts\/243833","targetHints":{"allow":["GET"]}}],"collection":[{"href":"https:\/\/elementum.pt\/pt-pt\/wp-json\/wp\/v2\/posts"}],"about":[{"href":"https:\/\/elementum.pt\/pt-pt\/wp-json\/wp\/v2\/types\/post"}],"author":[{"embeddable":true,"href":"https:\/\/elementum.pt\/pt-pt\/wp-json\/wp\/v2\/users\/4"}],"replies":[{"embeddable":true,"href":"https:\/\/elementum.pt\/pt-pt\/wp-json\/wp\/v2\/comments?post=243833"}],"version-history":[{"count":0,"href":"https:\/\/elementum.pt\/pt-pt\/wp-json\/wp\/v2\/posts\/243833\/revisions"}],"wp:featuredmedia":[{"embeddable":true,"href":"https:\/\/elementum.pt\/pt-pt\/wp-json\/wp\/v2\/media\/239533"}],"wp:attachment":[{"href":"https:\/\/elementum.pt\/pt-pt\/wp-json\/wp\/v2\/media?parent=243833"}],"wp:term":[{"taxonomy":"category","embeddable":true,"href":"https:\/\/elementum.pt\/pt-pt\/wp-json\/wp\/v2\/categories?post=243833"},{"taxonomy":"post_tag","embeddable":true,"href":"https:\/\/elementum.pt\/pt-pt\/wp-json\/wp\/v2\/tags?post=243833"}],"curies":[{"name":"wp","href":"https:\/\/api.w.org\/{rel}","templated":true}]}}