{"id":243805,"date":"2022-10-28T11:38:32","date_gmt":"2022-10-28T10:38:32","guid":{"rendered":"https:\/\/elementum.pt\/?p=243805"},"modified":"2022-11-17T16:54:44","modified_gmt":"2022-11-17T16:54:44","slug":"taxa-de-inflacao-anual-da-zona-euro-aumentou","status":"publish","type":"post","link":"https:\/\/elementum.pt\/pt-pt\/taxa-de-inflacao-anual-da-zona-euro-aumentou\/","title":{"rendered":"Taxa de Infla\u00e7\u00e3o Anual da Zona Euro Aumentou para 9.9% em Setembro de 2022"},"content":{"rendered":"<p><span style=\"font-family: verdana, geneva, sans-serif; font-size: 14pt;\"><a href=\"https:\/\/ec.europa.eu\/eurostat\/documents\/2995521\/15131946\/2-19102022-AP-EN.pdf\/92861d37-0275-8970-a0c1-89526c25f392\" target=\"_blank\" rel=\"noopener\">Segundo a Eurostat<\/a>, a taxa de infla\u00e7\u00e3o anual da zona euro aumentou para 9.9% em setembro de 2022, face aos 9.1% do <a href=\"https:\/\/elementum.pt\/pt-pt\/taxa-de-inflacao-anual-da-zona-euro-aumentou-para-9-1-em-agosto-de-2022\/\" target=\"_blank\" rel=\"noopener\">m\u00eas anterior<\/a>. Em setembro de 2021, a taxa foi de 3.4%. A taxa de infla\u00e7\u00e3o anual da UE foi de 10.9% em setembro de 2022, face aos 10.1% do m\u00eas anterior. Em setembro de 2021, a taxa foi de 3.6%.<\/span><\/p>\n<p>&nbsp;<\/p>\n<p style=\"text-align: center;\"><strong><span style=\"font-family: verdana, geneva, sans-serif; font-size: 14pt;\">Figura 1 \u2013 Taxa de Infla\u00e7\u00e3o Anual da Zona Euro e da UE (2012-2022)<\/span><\/strong><\/p>\n<p><a href=\"https:\/\/blogger.googleusercontent.com\/img\/b\/R29vZ2xl\/AVvXsEhmvcS5A6ZDDwGLaDMaNQi-a0fTqj2Ixcr9ECW3N60F_p4DnE99wEF3R-eqM0K4KSdkZnZIbpN3oY6aLjNdGqznkvVceYMAn-d-obkSuBDZHBC2xe2EYZHAH1LAm97yCSh11-7msfU32DnFRa3RbePVjvY5FVr8so3fTMWPO_wAjVfTMr4Z6K8ogY1WUQ\/s678\/1.png\" target=\"_blank\" rel=\"noopener\"><img fetchpriority=\"high\" decoding=\"async\" class=\"aligncenter size-medium\" src=\"https:\/\/blogger.googleusercontent.com\/img\/b\/R29vZ2xl\/AVvXsEhmvcS5A6ZDDwGLaDMaNQi-a0fTqj2Ixcr9ECW3N60F_p4DnE99wEF3R-eqM0K4KSdkZnZIbpN3oY6aLjNdGqznkvVceYMAn-d-obkSuBDZHBC2xe2EYZHAH1LAm97yCSh11-7msfU32DnFRa3RbePVjvY5FVr8so3fTMWPO_wAjVfTMr4Z6K8ogY1WUQ\/s678\/1.png\" width=\"678\" height=\"194\" \/><\/a><\/p>\n<p style=\"text-align: center;\"><strong><span style=\"font-family: verdana, geneva, sans-serif; font-size: 10pt;\">Zona Euro (Linha Vermelha); Uni\u00e3o Europeia (Linha Azul Tracejada).<\/span><\/strong><\/p>\n<p style=\"text-align: center;\"><strong><span style=\"font-family: verdana, geneva, sans-serif; font-size: 10pt;\">Fonte: Eurostat.<\/span><\/strong><\/p>\n<p>&nbsp;<\/p>\n<p><span style=\"font-family: verdana, geneva, sans-serif; font-size: 14pt;\">As taxas anuais mais baixas foram registadas em Fran\u00e7a (6.2%), Malta (7.4%) e Finl\u00e2ndia (8.4%). As mais elevadas foram registadas em Est\u00f3nia (24.1%), Litu\u00e2nia (22.5%) e Let\u00f3nia (22%). Em compara\u00e7\u00e3o a agosto, a taxa diminuiu em seis membros da UE, manteve-se est\u00e1vel em um e aumentou em 20.<\/span><\/p>\n<p>&nbsp;<\/p>\n<p><span style=\"font-family: verdana, geneva, sans-serif; font-size: 14pt;\">Em Portugal, a taxa foi de 9.8%. No m\u00eas anterior, foi de 9.3%.<\/span><\/p>\n<p>&nbsp;<\/p>\n<p><span style=\"font-family: verdana, geneva, sans-serif; font-size: 14pt;\">Estes valores s\u00e3o medidos pelo Harmonised Index of Consumer Prices (HICP) ou \u00cdndice Harmonizado de Pre\u00e7os no Consumidor (IHPC), que \u00e9 o \u00edndice que mede as altera\u00e7\u00f5es nos pre\u00e7os de bens e servi\u00e7os adquiridos, usados ou pagos pelas fam\u00edlias da zona euro. O termo \u2018harmonizado\u2019 refere-se ao facto de que todos os pa\u00edses da Uni\u00e3o Europeia (UE) seguem a mesma metodologia.<\/span><\/p>\n<p>&nbsp;<\/p>\n<p style=\"text-align: center;\"><strong><span style=\"font-family: verdana, geneva, sans-serif; font-size: 14pt;\">Figura 2 \u2013 Taxa de Infla\u00e7\u00e3o Anual dos Membros da UE (Setembro de 2022)<\/span><\/strong><\/p>\n<p><a href=\"https:\/\/blogger.googleusercontent.com\/img\/b\/R29vZ2xl\/AVvXsEj8cOqiwwxaAwN6UBwBc-tSPmmDjAQzWlGl2sK-nFXflyFPf4uRklyK-OR_AU_8ZunQjFfMYwuH4Ga9ZYbYodP98cbWWikDTt1-p_uGeKekVjAA8H8-yis03mj_UMZPeo-MVWYR_hOqPV81e2eiy_oUiYgdGUp2gvTXUjMnlnQf0AVBEYAfiKMJTfYViQ\/s688\/2.png\" target=\"_blank\" rel=\"noopener\"><img decoding=\"async\" class=\"aligncenter size-medium\" src=\"https:\/\/blogger.googleusercontent.com\/img\/b\/R29vZ2xl\/AVvXsEj8cOqiwwxaAwN6UBwBc-tSPmmDjAQzWlGl2sK-nFXflyFPf4uRklyK-OR_AU_8ZunQjFfMYwuH4Ga9ZYbYodP98cbWWikDTt1-p_uGeKekVjAA8H8-yis03mj_UMZPeo-MVWYR_hOqPV81e2eiy_oUiYgdGUp2gvTXUjMnlnQf0AVBEYAfiKMJTfYViQ\/s688\/2.png\" width=\"688\" height=\"275\" \/><\/a><\/p>\n<p style=\"text-align: center;\"><span style=\"font-size: 10pt;\"><strong><span style=\"font-family: verdana, geneva, sans-serif;\">Zona Euro (Vermelho); UE (Azul); Membros da UE (Verde).<\/span><\/strong><\/span><\/p>\n<p style=\"text-align: center;\"><span style=\"font-size: 10pt;\"><strong><span style=\"font-family: verdana, geneva, sans-serif;\">Fonte: Eurostat.<\/span><\/strong><\/span><\/p>\n<p>&nbsp;<\/p>\n<p style=\"text-align: center;\"><strong><span style=\"font-family: verdana, geneva, sans-serif; font-size: 14pt;\">Figura 3 \u2013 Taxa de Infla\u00e7\u00e3o Anual e Mensal (Setembro de 2022) dos Membros da UE Medida pelo HICP<\/span><\/strong><\/p>\n<p><a href=\"https:\/\/blogger.googleusercontent.com\/img\/b\/R29vZ2xl\/AVvXsEgzhDQDb1FQlXcsVVAhYUdgU64Mruas9OKNJq2OfRC6ZhBQFBj7tzydfdYQbalz4jPAXDzHxitBeIl0LKgzqE12yl17UILLmz0s6ZQqzVigU3ZEpLheMObaIkebgZDb1m_TAWO-WUR3eHUw0_uN0ks3b84aeCgfDEvwuSAkQgDvo0cvlrhpQSYUqqD4PQ\/s775\/3.png\" target=\"_blank\" rel=\"noopener\"><img decoding=\"async\" class=\"aligncenter size-medium\" src=\"https:\/\/blogger.googleusercontent.com\/img\/b\/R29vZ2xl\/AVvXsEgzhDQDb1FQlXcsVVAhYUdgU64Mruas9OKNJq2OfRC6ZhBQFBj7tzydfdYQbalz4jPAXDzHxitBeIl0LKgzqE12yl17UILLmz0s6ZQqzVigU3ZEpLheMObaIkebgZDb1m_TAWO-WUR3eHUw0_uN0ks3b84aeCgfDEvwuSAkQgDvo0cvlrhpQSYUqqD4PQ\/s775\/3.png\" width=\"683\" height=\"775\" \/><\/a><\/p>\n<p style=\"text-align: center;\"><span style=\"font-size: 10pt;\"><strong><span style=\"font-family: verdana, geneva, sans-serif;\">Annual Rate (Taxa Anual); Monthly Rate (Taxa Mensal); r (Dado Revisado).<\/span><\/strong><\/span><\/p>\n<p style=\"text-align: center;\"><span style=\"font-size: 10pt;\"><strong><span style=\"font-family: verdana, geneva, sans-serif;\">Nota: Iceland (Isl\u00e2ndia), Norway (Noruega) e Switzerland (Su\u00ed\u00e7a) n\u00e3o fazem parte da UE.<\/span><\/strong><\/span><\/p>\n<p style=\"text-align: center;\"><span style=\"font-size: 10pt;\"><strong><span style=\"font-family: verdana, geneva, sans-serif;\">Fonte: Eurostat.<\/span><\/strong><\/span><\/p>\n<p>&nbsp;<\/p>\n<p><span style=\"font-family: verdana, geneva, sans-serif; font-size: 14pt;\">Em setembro de 2022, o contributo mais elevado para a taxa de infla\u00e7\u00e3o da zona euro veio de energia (+4.19%), seguido de alimentos, \u00e1lcool e tabaco (+2.47%), servi\u00e7os (+1.8%) e non-energy industrial goods \u2013 NEIG (+1.47%).<\/span><\/p>\n<p>&nbsp;<\/p>\n<p><span style=\"font-family: verdana, geneva, sans-serif; font-size: 14pt;\">O NEIG (bens industriais n\u00e3o energ\u00e9ticos) cont\u00e9m tr\u00eas componentes: 1- bens n\u00e3o dur\u00e1veis (ex: bens eletr\u00f3nicos para cuidados pessoais, produtos farmac\u00eauticos, jornais), representando 27% do NEIG; 2- bens semi dur\u00e1veis (ex: roupas e cal\u00e7ados, livros, equipamentos recreativos), representando 39% do NEIG; 3- bens dur\u00e1veis (ex: carros, m\u00f3veis, eletrodom\u00e9sticos, computadores), representando 34% do NEIG.<\/span><\/p>\n<p>&nbsp;<\/p>\n<p style=\"text-align: center;\"><strong><span style=\"font-family: verdana, geneva, sans-serif; font-size: 14pt;\">Figura 4 \u2013 Contribui\u00e7\u00e3o Mensal para a Taxa de Infla\u00e7\u00e3o de Pre\u00e7os Anual da Zona Euro por Componentes<\/span><\/strong><\/p>\n<p><a href=\"https:\/\/blogger.googleusercontent.com\/img\/b\/R29vZ2xl\/AVvXsEgO_Xf1kkeadnP7jitUXW5LExjy0VOsk2sihnM2wUsw9Me8T-bxERsi2I5om-hDaf3XUdM2LqHDCSI80Qp0tvVG49OqQjPtalJMVo-MbqHonHDhNF5y1h0QwziKqKSFi-7Gw2q7kk0WOjY7YckvO3BYblcRG4iy2-xnXlWwRvIy-abWVUrNgq5t00bMhg\/s686\/4.png\" target=\"_blank\" rel=\"noopener\"><img loading=\"lazy\" decoding=\"async\" class=\"aligncenter size-medium\" src=\"https:\/\/blogger.googleusercontent.com\/img\/b\/R29vZ2xl\/AVvXsEgO_Xf1kkeadnP7jitUXW5LExjy0VOsk2sihnM2wUsw9Me8T-bxERsi2I5om-hDaf3XUdM2LqHDCSI80Qp0tvVG49OqQjPtalJMVo-MbqHonHDhNF5y1h0QwziKqKSFi-7Gw2q7kk0WOjY7YckvO3BYblcRG4iy2-xnXlWwRvIy-abWVUrNgq5t00bMhg\/s686\/4.png\" width=\"686\" height=\"224\" \/><\/a><\/p>\n<p style=\"text-align: center;\"><span style=\"font-size: 10pt;\"><strong><span style=\"font-family: verdana, geneva, sans-serif;\">Fonte: Eurostat.<\/span><\/strong><\/span><\/p>\n<p>&nbsp;<\/p>\n<p><span style=\"font-family: verdana, geneva, sans-serif; font-size: 14pt;\">Em setembro de 2022, o componente com maior taxa de infla\u00e7\u00e3o anual na zona euro foi o da energia (40.7%); a menor, o dos servi\u00e7os (4.3%).<\/span><\/p>\n<p>&nbsp;<\/p>\n<p style=\"text-align: center;\"><strong><span style=\"font-family: verdana, geneva, sans-serif; font-size: 14pt;\">Figura 5 \u2013 Taxa de Infla\u00e7\u00e3o da Zona Euro por Componentes<\/span><\/strong><\/p>\n<p><a href=\"https:\/\/blogger.googleusercontent.com\/img\/b\/R29vZ2xl\/AVvXsEiEjNkGwBatmJN3DIbNt00MwSocbiragCVPV206XDAJdnW19TziIEREJtG4J1JB2spJgqthz6lg1Rxo06VdKnbjiJnk50TroAcQCzK6IkUpSCDpch08Yo2VncciOyKupxF3z93DXEbXYiROGShPSlxoPFktcKeT4jiD8s47-b7agt48ZURGrRDpjex_NQ\/s687\/5.png\" target=\"_blank\" rel=\"noopener\"><img loading=\"lazy\" decoding=\"async\" class=\"aligncenter size-medium\" src=\"https:\/\/blogger.googleusercontent.com\/img\/b\/R29vZ2xl\/AVvXsEiEjNkGwBatmJN3DIbNt00MwSocbiragCVPV206XDAJdnW19TziIEREJtG4J1JB2spJgqthz6lg1Rxo06VdKnbjiJnk50TroAcQCzK6IkUpSCDpch08Yo2VncciOyKupxF3z93DXEbXYiROGShPSlxoPFktcKeT4jiD8s47-b7agt48ZURGrRDpjex_NQ\/s687\/5.png\" width=\"687\" height=\"437\" \/><\/a><\/p>\n<p style=\"text-align: center;\"><strong><span style=\"font-family: verdana, geneva, sans-serif; font-size: 10pt;\">Weights \u2013 \u2030 (Peso do Componente no C\u00e1lculo da Taxa de Infla\u00e7\u00e3o em \u2030); Annual Rate (Taxa Anual); Monthly Rate (Taxa Mensal).<\/span><\/strong><\/p>\n<p style=\"text-align: center;\"><strong><span style=\"font-family: verdana, geneva, sans-serif; font-size: 10pt;\">Fonte: Eurostat.<\/span><\/strong><\/p>\n<p>&nbsp;<\/p>\n<p>&nbsp;<\/p>\n<p><span style=\"font-family: verdana, geneva, sans-serif; font-size: 14pt;\">Andr\u00e9 Marques<\/span><\/p>\n","protected":false},"excerpt":{"rendered":"<p>Segundo a Eurostat, a taxa de infla\u00e7\u00e3o anual da zona euro aumentou para 9.9% em setembro de 2022, face aos 9.1% do m\u00eas anterior. Em setembro de 2021, a taxa foi de 3.4%. A taxa de infla\u00e7\u00e3o anual da UE foi de 10.9% em setembro de 2022, face aos 10.1% do m\u00eas anterior. Em setembro [&hellip;]<\/p>\n","protected":false},"author":4,"featured_media":239598,"comment_status":"open","ping_status":"open","sticky":false,"template":"","format":"standard","meta":{"inline_featured_image":false,"site-sidebar-layout":"default","site-content-layout":"default","ast-site-content-layout":"","site-content-style":"default","site-sidebar-style":"default","ast-global-header-display":"","ast-banner-title-visibility":"","ast-main-header-display":"","ast-hfb-above-header-display":"","ast-hfb-below-header-display":"","ast-hfb-mobile-header-display":"","site-post-title":"","ast-breadcrumbs-content":"","ast-featured-img":"","footer-sml-layout":"","theme-transparent-header-meta":"default","adv-header-id-meta":"","stick-header-meta":"","header-above-stick-meta":"","header-main-stick-meta":"","header-below-stick-meta":"","astra-migrate-meta-layouts":"default","ast-page-background-enabled":"default","ast-page-background-meta":{"desktop":{"background-color":"var(--ast-global-color-4)","background-image":"","background-repeat":"repeat","background-position":"center center","background-size":"auto","background-attachment":"scroll","background-type":"","background-media":"","overlay-type":"","overlay-color":"","overlay-opacity":"","overlay-gradient":""},"tablet":{"background-color":"","background-image":"","background-repeat":"repeat","background-position":"center center","background-size":"auto","background-attachment":"scroll","background-type":"","background-media":"","overlay-type":"","overlay-color":"","overlay-opacity":"","overlay-gradient":""},"mobile":{"background-color":"","background-image":"","background-repeat":"repeat","background-position":"center center","background-size":"auto","background-attachment":"scroll","background-type":"","background-media":"","overlay-type":"","overlay-color":"","overlay-opacity":"","overlay-gradient":""}},"ast-content-background-meta":{"desktop":{"background-color":"var(--ast-global-color-5)","background-image":"","background-repeat":"repeat","background-position":"center center","background-size":"auto","background-attachment":"scroll","background-type":"","background-media":"","overlay-type":"","overlay-color":"","overlay-opacity":"","overlay-gradient":""},"tablet":{"background-color":"var(--ast-global-color-5)","background-image":"","background-repeat":"repeat","background-position":"center center","background-size":"auto","background-attachment":"scroll","background-type":"","background-media":"","overlay-type":"","overlay-color":"","overlay-opacity":"","overlay-gradient":""},"mobile":{"background-color":"var(--ast-global-color-5)","background-image":"","background-repeat":"repeat","background-position":"center center","background-size":"auto","background-attachment":"scroll","background-type":"","background-media":"","overlay-type":"","overlay-color":"","overlay-opacity":"","overlay-gradient":""}},"footnotes":""},"categories":[1],"tags":[],"class_list":["post-243805","post","type-post","status-publish","format-standard","has-post-thumbnail","hentry","category-sem-categoria"],"_links":{"self":[{"href":"https:\/\/elementum.pt\/pt-pt\/wp-json\/wp\/v2\/posts\/243805","targetHints":{"allow":["GET"]}}],"collection":[{"href":"https:\/\/elementum.pt\/pt-pt\/wp-json\/wp\/v2\/posts"}],"about":[{"href":"https:\/\/elementum.pt\/pt-pt\/wp-json\/wp\/v2\/types\/post"}],"author":[{"embeddable":true,"href":"https:\/\/elementum.pt\/pt-pt\/wp-json\/wp\/v2\/users\/4"}],"replies":[{"embeddable":true,"href":"https:\/\/elementum.pt\/pt-pt\/wp-json\/wp\/v2\/comments?post=243805"}],"version-history":[{"count":0,"href":"https:\/\/elementum.pt\/pt-pt\/wp-json\/wp\/v2\/posts\/243805\/revisions"}],"wp:featuredmedia":[{"embeddable":true,"href":"https:\/\/elementum.pt\/pt-pt\/wp-json\/wp\/v2\/media\/239598"}],"wp:attachment":[{"href":"https:\/\/elementum.pt\/pt-pt\/wp-json\/wp\/v2\/media?parent=243805"}],"wp:term":[{"taxonomy":"category","embeddable":true,"href":"https:\/\/elementum.pt\/pt-pt\/wp-json\/wp\/v2\/categories?post=243805"},{"taxonomy":"post_tag","embeddable":true,"href":"https:\/\/elementum.pt\/pt-pt\/wp-json\/wp\/v2\/tags?post=243805"}],"curies":[{"name":"wp","href":"https:\/\/api.w.org\/{rel}","templated":true}]}}