{"id":243713,"date":"2022-10-06T14:58:59","date_gmt":"2022-10-06T13:58:59","guid":{"rendered":"https:\/\/elementum.pt\/?p=243713"},"modified":"2022-12-06T13:40:54","modified_gmt":"2022-12-06T13:40:54","slug":"taxa-de-desemprego-da-zona-euro-permaneceu-em-6-6-em-agosto-de-2022","status":"publish","type":"post","link":"https:\/\/elementum.pt\/pt-pt\/taxa-de-desemprego-da-zona-euro-permaneceu-em-6-6-em-agosto-de-2022\/","title":{"rendered":"Taxa de Desemprego da Zona Euro Permaneceu em 6.6% em Agosto de 2022"},"content":{"rendered":"<p><span style=\"font-family: verdana, geneva, sans-serif;font-size: 14pt\"><strong>Nota<\/strong>: \u00c9 importante destacar que as taxas de desemprego divulgadas pelos governos (seja da Uni\u00e3o Europeia, dos EUA, do Brasil, ou de qualquer outro local), tendem a ser menores do que a real taxa de desemprego. Isto ocorre devido, por exemplo, a estas taxas n\u00e3o contarem as pessoas desencorajadas (que pararam de procurar emprego e n\u00e3o est\u00e3o contados na for\u00e7a de trabalho) e\/ou que est\u00e3o a realizar trabalhos ocasionais. Veja exemplos <a href=\"https:\/\/www.mises.org.br\/Article.aspx?id=1471\" target=\"_blank\" rel=\"noopener\">aqui<\/a>, <a href=\"https:\/\/mises.org.br\/Article.aspx?id=433\" target=\"_blank\" rel=\"noopener\">aqui<\/a> e <a href=\"https:\/\/youtu.be\/VmA1oXAGEIE\" target=\"_blank\" rel=\"noopener\">aqui<\/a>.<\/span><\/p>\n<p>&nbsp;<\/p>\n<p><span style=\"font-family: verdana, geneva, sans-serif;font-size: 14pt\">Em agosto de 2022, a taxa de desemprego da zona euro foi de 6.6%, est\u00e1vel em rela\u00e7\u00e3o ao <a href=\"https:\/\/elementum.pt\/pt-pt\/taxa-de-desemprego-da-zona-euro-foi-de-6-6-em-julho-de-2022\/\" target=\"_blank\" rel=\"noopener\">m\u00eas anterior<\/a> e menor do que os 7.5% de agosto de 2021, <a href=\"https:\/\/ec.europa.eu\/eurostat\/documents\/2995521\/14698137\/3-30092022-BP-EN.pdf\/425a9b01-c159-74b8-3489-e8591185de44\" target=\"_blank\" rel=\"noopener\">segundo a Eurostat<\/a>. J\u00e1 a taxa de desemprego da Uni\u00e3o Europeia (UE) foi de 6% em agosto de 2022, tamb\u00e9m est\u00e1vel em rela\u00e7\u00e3o ao m\u00eas anterior e menor do que os 6.8% em agosto de 2021.<\/span><\/p>\n<p>&nbsp;<\/p>\n<p style=\"text-align: center\"><strong><span style=\"font-family: verdana, geneva, sans-serif;font-size: 14pt\">Figura 1 \u2013 Taxa de Desemprego da Zona Euro e da UE (2008-2022)<\/span><\/strong><\/p>\n<p><a href=\"https:\/\/blogger.googleusercontent.com\/img\/b\/R29vZ2xl\/AVvXsEhAtBcBVL1kQQX0V79cdPLRESbq_ESdmm5HXgJY1dbLs4C6tMO1nkjmg6Wka8182dONXPwDuWHN1bADqcck_beBWqrBNJcRzzdtlWGd6kPEjBJzz0C-W8bveoFG4LHEV-IKE_FMsmiZwJras6CUw1_hyXXL9t4tq4jgjzs4PV1GdwbHWv8KMNoO8olyYw\/s688\/1.png\" target=\"_blank\" rel=\"noopener\"><img fetchpriority=\"high\" decoding=\"async\" class=\"aligncenter size-medium\" src=\"https:\/\/blogger.googleusercontent.com\/img\/b\/R29vZ2xl\/AVvXsEhAtBcBVL1kQQX0V79cdPLRESbq_ESdmm5HXgJY1dbLs4C6tMO1nkjmg6Wka8182dONXPwDuWHN1bADqcck_beBWqrBNJcRzzdtlWGd6kPEjBJzz0C-W8bveoFG4LHEV-IKE_FMsmiZwJras6CUw1_hyXXL9t4tq4jgjzs4PV1GdwbHWv8KMNoO8olyYw\/s688\/1.png\" width=\"688\" height=\"468\" \/><\/a><\/p>\n<p style=\"text-align: center\"><span style=\"font-size: 10pt\"><strong><span style=\"font-family: verdana, geneva, sans-serif\">Zona Euro (Linha Vermelha); UE (Linha Azul).<\/span><\/strong><\/span><\/p>\n<p style=\"text-align: center\"><span style=\"font-size: 10pt\"><strong><span style=\"font-family: verdana, geneva, sans-serif\">Fonte: Eurostat.<\/span><\/strong><\/span><\/p>\n<p>&nbsp;<\/p>\n<p><span style=\"font-family: verdana, geneva, sans-serif;font-size: 14pt\">Estima-se que 12.921 milh\u00f5es pessoas na UE (das quais 10.966 milh\u00f5es da zona euro), estavam desempregadas em agosto de 2022. Em compara\u00e7\u00e3o ao m\u00eas anterior, a quantidade de pessoas desempregadas teve uma diminui\u00e7\u00e3o de 52 mil na UE e de 30 mil na zona euro. Em compara\u00e7\u00e3o a agosto de 2021, a quantidade de pessoas desempregadas teve uma diminui\u00e7\u00e3o de 1.682 milh\u00f5es na UE e de 1.358 milh\u00f5es na zona euro.<\/span><\/p>\n<p>&nbsp;<\/p>\n<p><span style=\"font-family: verdana, geneva, sans-serif;font-size: 14pt\">Em Portugal, a taxa de desemprego foi de 6% em agosto de 2022, com 313 mil pessoas desempregadas.<\/span><\/p>\n<p>&nbsp;<\/p>\n<p style=\"text-align: center\"><strong><span style=\"font-family: verdana, geneva, sans-serif;font-size: 14pt\">Figura 2 \u2013 Taxas e Total do Desemprego da UE e da Zona Euro<\/span><\/strong><\/p>\n<p><a href=\"https:\/\/blogger.googleusercontent.com\/img\/b\/R29vZ2xl\/AVvXsEizfNB_7OP8LdISGW0QYn_SAXoWHPWxcuRvoHtXhoOzoCbKLs-YKZyuAM80TLH7UEfx17yDAZ2tlbBkaGX5TNPPPo4wSe2DGV53fIAkk-_BzkxiD6p7mqeajnEsfPrkrcYAt0Cwa4V7YWW4Zy4ZG3Vhw8oBxlTc7tA4WAibvFWoqniBy-mxLjtvMR1osw\/s1020\/2.png\" target=\"_blank\" rel=\"noopener\"><img decoding=\"async\" class=\"aligncenter size-medium\" src=\"https:\/\/blogger.googleusercontent.com\/img\/b\/R29vZ2xl\/AVvXsEizfNB_7OP8LdISGW0QYn_SAXoWHPWxcuRvoHtXhoOzoCbKLs-YKZyuAM80TLH7UEfx17yDAZ2tlbBkaGX5TNPPPo4wSe2DGV53fIAkk-_BzkxiD6p7mqeajnEsfPrkrcYAt0Cwa4V7YWW4Zy4ZG3Vhw8oBxlTc7tA4WAibvFWoqniBy-mxLjtvMR1osw\/s1020\/2.png\" width=\"1020\" height=\"661\" \/><\/a><\/p>\n<p style=\"text-align: center\"><span style=\"font-size: 10pt\"><strong><span style=\"font-family: verdana, geneva, sans-serif\">Rates % (Taxas %); Number of Persons in Thousands (N\u00famero de Pessoas em Milhares); Euro Area (Zona Euro); EU (Uni\u00e3o Europeia \u2013 UE); : (Dados N\u00e3o Dispon\u00edveis).<\/span><\/strong><\/span><\/p>\n<p style=\"text-align: center\"><span style=\"font-size: 10pt\"><strong><span style=\"font-family: verdana, geneva, sans-serif\">Nota: Iceland (Isl\u00e2ndia), Norway (Noruega) e Switzerland (Su\u00ed\u00e7a) n\u00e3o fazem parte da UE.<\/span><\/strong><\/span><\/p>\n<p style=\"text-align: center\"><span style=\"font-size: 10pt\"><strong><span style=\"font-family: verdana, geneva, sans-serif\">Fonte: Eurostat.<\/span><\/strong><\/span><\/p>\n<p>&nbsp;<\/p>\n<p><span style=\"font-family: verdana, geneva, sans-serif;font-size: 14pt\">Em agosto de 2022, a taxa de desemprego dos jovens (menores de 25 anos) foi de 13.8% na UE e 13.9% na zona euro. No m\u00eas anterior, a taxa foi de 13.8% (dado atualizado) na UE e 14% (dado atualizado) na zona euro.<\/span><\/p>\n<p>&nbsp;<\/p>\n<p style=\"text-align: center\"><strong><span style=\"font-family: verdana, geneva, sans-serif;font-size: 14pt\">Figura 3 \u2013 Taxa de Desemprego dos Jovens Menores de 25 Anos da Zona Euro e da UE (2008-2022)<\/span><\/strong><\/p>\n<p><a href=\"https:\/\/blogger.googleusercontent.com\/img\/b\/R29vZ2xl\/AVvXsEhd-mqTvnSG_ub-CCI8_wWMnFEPsvOMHPk8I6F198Pj_DL959JdKl262ruUXCplvI8fk9VBIDbv45X4zIK-Vhbp4J79jqEuooQ_pmx5zF6_Zm10UbRsaUU3kZRJBlmWoDdkXpR4GJ4kvt8SZsOlC4J-dQRF7xQbuUZsCLl9VUXIJBjxdEuQRp6Kf8bfew\/s688\/3.png\" target=\"_blank\" rel=\"noopener\"><img decoding=\"async\" class=\"aligncenter size-medium\" src=\"https:\/\/blogger.googleusercontent.com\/img\/b\/R29vZ2xl\/AVvXsEhd-mqTvnSG_ub-CCI8_wWMnFEPsvOMHPk8I6F198Pj_DL959JdKl262ruUXCplvI8fk9VBIDbv45X4zIK-Vhbp4J79jqEuooQ_pmx5zF6_Zm10UbRsaUU3kZRJBlmWoDdkXpR4GJ4kvt8SZsOlC4J-dQRF7xQbuUZsCLl9VUXIJBjxdEuQRp6Kf8bfew\/s688\/3.png\" width=\"688\" height=\"469\" \/><\/a><\/p>\n<p style=\"text-align: center\"><span style=\"font-size: 10pt\"><strong><span style=\"font-family: verdana, geneva, sans-serif\">Zona Euro (Linha Vermelha); UE (Linha Azul).<\/span><\/strong><\/span><\/p>\n<p style=\"text-align: center\"><span style=\"font-size: 10pt\"><strong><span style=\"font-family: verdana, geneva, sans-serif\">Fonte: Eurostat.<\/span><\/strong><\/span><\/p>\n<p>&nbsp;<\/p>\n<p><span style=\"font-family: verdana, geneva, sans-serif;font-size: 14pt\">Em agosto de 2022, 2.614 milh\u00f5es de jovens estavam desempregados na UE (dos quais 2.136 milh\u00f5es na zona euro). Em compara\u00e7\u00e3o ao m\u00eas anterior, o desemprego jovem teve uma diminui\u00e7\u00e3o de 55 mil na UE e 35 mil na zona euro. Em compara\u00e7\u00e3o a agosto de 2021, o desemprego jovem teve uma diminui\u00e7\u00e3o de 293 mil na UE e 234 mil na zona euro.<\/span><\/p>\n<p>&nbsp;<\/p>\n<p><span style=\"font-family: verdana, geneva, sans-serif;font-size: 14pt\">Em Portugal, da taxa do desemprego jovem foi de 16.7% em agosto de 2022, com 57 mil jovens desempregados.<\/span><\/p>\n<p>&nbsp;<\/p>\n<p style=\"text-align: center\"><strong><span style=\"font-family: verdana, geneva, sans-serif;font-size: 14pt\">Figura 4 \u2013 Taxas e Total do Desemprego dos Jovens (Menores de 25 Anos) da UE e da Zona Euro<\/span><\/strong><\/p>\n<p><a href=\"https:\/\/blogger.googleusercontent.com\/img\/b\/R29vZ2xl\/AVvXsEgalKTViA55IzzxFjC8bXXk17s6dFSGijAqDJv4Qn9VbiO3sxH5tV0E3pMEwjMXgpqhjdBFB9A7Wxjdaj7PfsoxAAqtTI9TFt0InsIYwLW-oAlpYCU-x06MPCn8yi5BzhG6U5FYkXGjmnASUluyTBGawjTF6PCCX6K791xcKBhz0oqQB3Ybj1DZ5-Pebw\/s1020\/4.png\" target=\"_blank\" rel=\"noopener\"><img loading=\"lazy\" decoding=\"async\" class=\"aligncenter size-medium\" src=\"https:\/\/blogger.googleusercontent.com\/img\/b\/R29vZ2xl\/AVvXsEgalKTViA55IzzxFjC8bXXk17s6dFSGijAqDJv4Qn9VbiO3sxH5tV0E3pMEwjMXgpqhjdBFB9A7Wxjdaj7PfsoxAAqtTI9TFt0InsIYwLW-oAlpYCU-x06MPCn8yi5BzhG6U5FYkXGjmnASUluyTBGawjTF6PCCX6K791xcKBhz0oqQB3Ybj1DZ5-Pebw\/s1020\/4.png\" width=\"1020\" height=\"658\" \/><\/a><\/p>\n<p style=\"text-align: center\"><span style=\"font-size: 10pt\"><strong><span style=\"font-family: verdana, geneva, sans-serif\">Rates % (Taxas %); Number of Persons in Thousands (N\u00famero de Pessoas em Milhares); Euro Area (Zona Euro); EU (Uni\u00e3o Europeia \u2013 UE); : (Dados n\u00e3o Dispon\u00edveis).<\/span><\/strong><\/span><\/p>\n<p style=\"text-align: center\"><span style=\"font-size: 10pt\"><strong><span style=\"font-family: verdana, geneva, sans-serif\">Nota : Iceland (Isl\u00e2ndia), Norway (Noruega) e Switzerland (Su\u00ed\u00e7a) n\u00e3o fazem parte da UE.<\/span><\/strong><\/span><\/p>\n<p style=\"text-align: center\"><span style=\"font-size: 10pt\"><strong><span style=\"font-family: verdana, geneva, sans-serif\">Nota 2: B\u00e9lgica, Cro\u00e1cia, Chipre, Rom\u00e9nia e Eslov\u00e9nia (Dados Trimestrais).<\/span><\/strong><\/span><\/p>\n<p style=\"text-align: center\"><span style=\"font-size: 10pt\"><strong><span style=\"font-family: verdana, geneva, sans-serif\">Fonte: Eurostat.<\/span><\/strong><\/span><\/p>\n<p>&nbsp;<\/p>\n<p><span style=\"font-family: verdana, geneva, sans-serif;font-size: 14pt\">Em agosto de 2022, a taxa de desemprego das mulheres foi de 6.4% na UE (est\u00e1vel em rela\u00e7\u00e3o ao m\u00eas anterior); a dos homens, 5.7% (est\u00e1vel em rela\u00e7\u00e3o ao m\u00eas anterior). Na zona euro, a taxa de desemprego das mulheres foi de 7% em agosto de 2022 (est\u00e1vel em rela\u00e7\u00e3o ao dado atualizado do m\u00eas anterior); a dos homens, 6.2% (est\u00e1vel em rela\u00e7\u00e3o ao dado atualizado do m\u00eas anterior).<\/span><\/p>\n<p>&nbsp;<\/p>\n<p><span style=\"font-family: verdana, geneva, sans-serif;font-size: 14pt\">Em Portugal, a taxa de desemprego das mulheres foi de 6.7% em agosto de 2022 (no m\u00eas anterior, a taxa foi de 6.4%); a dos homens, 5.3% (no m\u00eas anterior, a taxa foi de 5.6%).<\/span><\/p>\n<p>&nbsp;<\/p>\n<p style=\"text-align: center\"><strong><span style=\"font-family: verdana, geneva, sans-serif;font-size: 14pt\">Figura 5 \u2013 Taxa de Desemprego da Zona Euro e da UE, por G\u00e9nero<\/span><\/strong><\/p>\n<p><a href=\"https:\/\/blogger.googleusercontent.com\/img\/b\/R29vZ2xl\/AVvXsEiS0zo2yaud5sD4WqH3bs_Yf5vQpyneeSw1SXdJQabcI_4zdFuHewJA6HN9ftXYGPSVV8TOxZxgfcnhOncwrCi1e9O6NCM5nbSQxEhvfCetfuaap3LLRWucO-yO0_Bs-MDExDLjctkBpArkNoVAFufRh0o6GSWedKlZNdY7QvwlGM22FdXpLXsRIPnz_Q\/s1016\/5.png\" target=\"_blank\" rel=\"noopener\"><img loading=\"lazy\" decoding=\"async\" class=\"aligncenter size-medium\" src=\"https:\/\/blogger.googleusercontent.com\/img\/b\/R29vZ2xl\/AVvXsEiS0zo2yaud5sD4WqH3bs_Yf5vQpyneeSw1SXdJQabcI_4zdFuHewJA6HN9ftXYGPSVV8TOxZxgfcnhOncwrCi1e9O6NCM5nbSQxEhvfCetfuaap3LLRWucO-yO0_Bs-MDExDLjctkBpArkNoVAFufRh0o6GSWedKlZNdY7QvwlGM22FdXpLXsRIPnz_Q\/s1016\/5.png\" width=\"1016\" height=\"632\" \/><\/a><\/p>\n<p style=\"text-align: center\"><span style=\"font-size: 10pt\"><strong><span style=\"font-family: verdana, geneva, sans-serif\">Males (Homens); Females (Mulheres); Euro Area (Zona Euro); EU (Uni\u00e3o Europeia \u2013 UE); : (Dados n\u00e3o Dispon\u00edveis).<\/span><\/strong><\/span><\/p>\n<p style=\"text-align: center\"><span style=\"font-size: 10pt\"><strong><span style=\"font-family: verdana, geneva, sans-serif\">Nota: Iceland (Isl\u00e2ndia), Norway (Noruega) e Switzerland (Su\u00ed\u00e7a) n\u00e3o fazem parte da UE.<\/span><\/strong><\/span><\/p>\n<p style=\"text-align: center\"><span style=\"font-size: 10pt\"><strong><span style=\"font-family: verdana, geneva, sans-serif\">Fonte: Eurostat.<\/span><\/strong><\/span><\/p>\n<p>&nbsp;<\/p>\n<p>&nbsp;<\/p>\n<p><span style=\"font-family: verdana, geneva, sans-serif;font-size: 14pt\">Andr\u00e9 Marques<\/span><\/p>\n","protected":false},"excerpt":{"rendered":"<p>Nota: \u00c9 importante destacar que as taxas de desemprego divulgadas pelos governos (seja da Uni\u00e3o Europeia, dos EUA, do Brasil, ou de qualquer outro local), tendem a ser menores do que a real taxa de desemprego. Isto ocorre devido, por exemplo, a estas taxas n\u00e3o contarem as pessoas desencorajadas (que pararam de procurar emprego e [&hellip;]<\/p>\n","protected":false},"author":4,"featured_media":239543,"comment_status":"open","ping_status":"open","sticky":false,"template":"","format":"standard","meta":{"inline_featured_image":false,"site-sidebar-layout":"default","site-content-layout":"default","ast-site-content-layout":"","site-content-style":"default","site-sidebar-style":"default","ast-global-header-display":"","ast-banner-title-visibility":"","ast-main-header-display":"","ast-hfb-above-header-display":"","ast-hfb-below-header-display":"","ast-hfb-mobile-header-display":"","site-post-title":"","ast-breadcrumbs-content":"","ast-featured-img":"","footer-sml-layout":"","theme-transparent-header-meta":"default","adv-header-id-meta":"","stick-header-meta":"","header-above-stick-meta":"","header-main-stick-meta":"","header-below-stick-meta":"","astra-migrate-meta-layouts":"default","ast-page-background-enabled":"default","ast-page-background-meta":{"desktop":{"background-color":"var(--ast-global-color-4)","background-image":"","background-repeat":"repeat","background-position":"center center","background-size":"auto","background-attachment":"scroll","background-type":"","background-media":"","overlay-type":"","overlay-color":"","overlay-opacity":"","overlay-gradient":""},"tablet":{"background-color":"","background-image":"","background-repeat":"repeat","background-position":"center center","background-size":"auto","background-attachment":"scroll","background-type":"","background-media":"","overlay-type":"","overlay-color":"","overlay-opacity":"","overlay-gradient":""},"mobile":{"background-color":"","background-image":"","background-repeat":"repeat","background-position":"center center","background-size":"auto","background-attachment":"scroll","background-type":"","background-media":"","overlay-type":"","overlay-color":"","overlay-opacity":"","overlay-gradient":""}},"ast-content-background-meta":{"desktop":{"background-color":"var(--ast-global-color-5)","background-image":"","background-repeat":"repeat","background-position":"center center","background-size":"auto","background-attachment":"scroll","background-type":"","background-media":"","overlay-type":"","overlay-color":"","overlay-opacity":"","overlay-gradient":""},"tablet":{"background-color":"var(--ast-global-color-5)","background-image":"","background-repeat":"repeat","background-position":"center center","background-size":"auto","background-attachment":"scroll","background-type":"","background-media":"","overlay-type":"","overlay-color":"","overlay-opacity":"","overlay-gradient":""},"mobile":{"background-color":"var(--ast-global-color-5)","background-image":"","background-repeat":"repeat","background-position":"center center","background-size":"auto","background-attachment":"scroll","background-type":"","background-media":"","overlay-type":"","overlay-color":"","overlay-opacity":"","overlay-gradient":""}},"footnotes":""},"categories":[1],"tags":[],"class_list":["post-243713","post","type-post","status-publish","format-standard","has-post-thumbnail","hentry","category-sem-categoria"],"_links":{"self":[{"href":"https:\/\/elementum.pt\/pt-pt\/wp-json\/wp\/v2\/posts\/243713","targetHints":{"allow":["GET"]}}],"collection":[{"href":"https:\/\/elementum.pt\/pt-pt\/wp-json\/wp\/v2\/posts"}],"about":[{"href":"https:\/\/elementum.pt\/pt-pt\/wp-json\/wp\/v2\/types\/post"}],"author":[{"embeddable":true,"href":"https:\/\/elementum.pt\/pt-pt\/wp-json\/wp\/v2\/users\/4"}],"replies":[{"embeddable":true,"href":"https:\/\/elementum.pt\/pt-pt\/wp-json\/wp\/v2\/comments?post=243713"}],"version-history":[{"count":0,"href":"https:\/\/elementum.pt\/pt-pt\/wp-json\/wp\/v2\/posts\/243713\/revisions"}],"wp:featuredmedia":[{"embeddable":true,"href":"https:\/\/elementum.pt\/pt-pt\/wp-json\/wp\/v2\/media\/239543"}],"wp:attachment":[{"href":"https:\/\/elementum.pt\/pt-pt\/wp-json\/wp\/v2\/media?parent=243713"}],"wp:term":[{"taxonomy":"category","embeddable":true,"href":"https:\/\/elementum.pt\/pt-pt\/wp-json\/wp\/v2\/categories?post=243713"},{"taxonomy":"post_tag","embeddable":true,"href":"https:\/\/elementum.pt\/pt-pt\/wp-json\/wp\/v2\/tags?post=243713"}],"curies":[{"name":"wp","href":"https:\/\/api.w.org\/{rel}","templated":true}]}}