{"id":243682,"date":"2022-10-04T16:28:38","date_gmt":"2022-10-04T15:28:38","guid":{"rendered":"https:\/\/elementum.pt\/?p=243682"},"modified":"2022-10-04T16:28:38","modified_gmt":"2022-10-04T15:28:38","slug":"taxa-de-inflacao-anual-da-zona-euro-aumentou-para-9-1-em-agosto-de-2022","status":"publish","type":"post","link":"https:\/\/elementum.pt\/pt-pt\/taxa-de-inflacao-anual-da-zona-euro-aumentou-para-9-1-em-agosto-de-2022\/","title":{"rendered":"Taxa de Infla\u00e7\u00e3o Anual da Zona Euro Aumentou para 9.1% em Agosto de 2022"},"content":{"rendered":"<p><span style=\"font-family: verdana, geneva, sans-serif;font-size: 14pt\"><a href=\"https:\/\/ec.europa.eu\/eurostat\/documents\/2995521\/14698150\/2-16092022-AP-EN.pdf\/741bf6b2-1643-6ff0-34e7-31522ce1e252\" target=\"_blank\" rel=\"noopener\">Segundo a Eurostat<\/a>, a taxa de infla\u00e7\u00e3o anual da zona euro aumentou para 9.1% em agosto de 2022, face aos 8.9% do <a href=\"https:\/\/elementum.pt\/pt-pt\/taxa-de-inflacao-anual-da-zona-euro-aumentou-para-8-9-em-julho-de-2022\/\" target=\"_blank\" rel=\"noopener\">m\u00eas anterior<\/a>. Em agosto de 2021, a taxa foi de 3%. A taxa de infla\u00e7\u00e3o anual da UE foi de 10.1% em agosto de 2022, face aos 9.8% do m\u00eas anterior. Em agosto de 2021, a taxa foi de 3.2%.<\/span><\/p>\n<p>&nbsp;<\/p>\n<p style=\"text-align: center\"><strong><span style=\"font-family: verdana, geneva, sans-serif;font-size: 14pt\">Figura 1 \u2013 Taxa de Infla\u00e7\u00e3o Anual da Zona Euro e da UE (2012-2022)<\/span><\/strong><\/p>\n<p><a href=\"https:\/\/blogger.googleusercontent.com\/img\/b\/R29vZ2xl\/AVvXsEhRMwVgGTyeOSS_486Q3yT6bJtbJaVCodM-tQeTNPCjGqkOWBvcZTqmKqFLbHTBqbp4DhE11o_HrmcbAfgZIzdk025JhSS-O3WFYghZsorYYb4tqr_mkpaGwpwjlgvk3dZL_vY6t397f_L1PxACBdqAn2sBPtFv_lj4GSN2ATDs_VjwH6OvKxg8wKTZrg\/s680\/1.png\" target=\"_blank\" rel=\"noopener\"><img fetchpriority=\"high\" decoding=\"async\" class=\"aligncenter size-medium\" src=\"https:\/\/blogger.googleusercontent.com\/img\/b\/R29vZ2xl\/AVvXsEhRMwVgGTyeOSS_486Q3yT6bJtbJaVCodM-tQeTNPCjGqkOWBvcZTqmKqFLbHTBqbp4DhE11o_HrmcbAfgZIzdk025JhSS-O3WFYghZsorYYb4tqr_mkpaGwpwjlgvk3dZL_vY6t397f_L1PxACBdqAn2sBPtFv_lj4GSN2ATDs_VjwH6OvKxg8wKTZrg\/s680\/1.png\" width=\"680\" height=\"200\" \/><\/a><\/p>\n<p style=\"text-align: center\"><strong><span style=\"font-family: verdana, geneva, sans-serif;font-size: 10pt\">Zona Euro (Linha Vermelha); Uni\u00e3o Europeia (Linha Azul Tracejada).<\/span><\/strong><\/p>\n<p style=\"text-align: center\"><strong><span style=\"font-family: verdana, geneva, sans-serif;font-size: 10pt\">Fonte: Eurostat.<\/span><\/strong><\/p>\n<p><span style=\"font-family: verdana, geneva, sans-serif;font-size: 14pt\">As taxas anuais mais baixas foram registadas em Fran\u00e7a (6.6%), Malta (7%) e Finl\u00e2ndia (7.9%). As mais elevadas foram registadas na Est\u00f3nia (25.2%), Let\u00f3nia (21.4%) e Litu\u00e2nia (21.1%). Em compara\u00e7\u00e3o ao m\u00eas anterior, a taxa anual anual diminuiu em 12 membros da UE e aumentou em 15.<\/span><\/p>\n<p>&nbsp;<\/p>\n<p><span style=\"font-family: verdana, geneva, sans-serif;font-size: 14pt\">Em Portugal, a taxa anual foi de 9.3%.<\/span><\/p>\n<p>&nbsp;<\/p>\n<p><span style=\"font-family: verdana, geneva, sans-serif;font-size: 14pt\">Estes valores s\u00e3o medidos pelo Harmonised Index of Consumer Prices (HICP) ou \u00cdndice Harmonizado de Pre\u00e7os no Consumidor (IHPC), que \u00e9 o \u00edndice que mede as altera\u00e7\u00f5es nos pre\u00e7os de bens e servi\u00e7os adquiridos, usados ou pagos pelas fam\u00edlias da zona euro. O termo \u2018harmonizado\u2019 refere-se ao facto de que todos os pa\u00edses da Uni\u00e3o Europeia (UE) seguem a mesma metodologia.<\/span><\/p>\n<p>&nbsp;<\/p>\n<p style=\"text-align: center\"><strong><span style=\"font-family: verdana, geneva, sans-serif;font-size: 14pt\">Figura 2 \u2013 Taxa de Infla\u00e7\u00e3o Anual dos Membros da UE (Agosto de 2022)<\/span><\/strong><\/p>\n<p><a href=\"https:\/\/blogger.googleusercontent.com\/img\/b\/R29vZ2xl\/AVvXsEgXxIuaa9hn3sw-O7bP45qwm0S-3m5PgH3GUVVbrvRZ0GvR4pHwZ9LeVW7uisO55cYX-zXKK47oSLHCS1asjeWTydij16ANDRiKhgrCBWcj9TDvPT0kVSWZdMmtitQmF325b4evWoz22t-KhlItqXGg-ZQQlqjt5EmVNkZZn00xGnmyyalGsOwOYY29CA\/s686\/2.png\" target=\"_blank\" rel=\"noopener\"><img decoding=\"async\" class=\"aligncenter size-medium\" src=\"https:\/\/blogger.googleusercontent.com\/img\/b\/R29vZ2xl\/AVvXsEgXxIuaa9hn3sw-O7bP45qwm0S-3m5PgH3GUVVbrvRZ0GvR4pHwZ9LeVW7uisO55cYX-zXKK47oSLHCS1asjeWTydij16ANDRiKhgrCBWcj9TDvPT0kVSWZdMmtitQmF325b4evWoz22t-KhlItqXGg-ZQQlqjt5EmVNkZZn00xGnmyyalGsOwOYY29CA\/s686\/2.png\" width=\"686\" height=\"264\" \/><\/a><\/p>\n<p style=\"text-align: center\"><span style=\"font-size: 10pt\"><strong><span style=\"font-family: verdana, geneva, sans-serif\">Zona Euro (Vermelho); UE (Azul); Membros da UE (Verde).<\/span><\/strong><\/span><\/p>\n<p style=\"text-align: center\"><span style=\"font-size: 10pt\"><strong><span style=\"font-family: verdana, geneva, sans-serif\">Fonte: Eurostat.<\/span><\/strong><\/span><\/p>\n<p>&nbsp;<\/p>\n<p style=\"text-align: center\"><strong><span style=\"font-family: verdana, geneva, sans-serif;font-size: 14pt\">Figura 3 \u2013 Taxa de Infla\u00e7\u00e3o Anual e Mensal (Agosto de 2022) dos Membros da UE Medida pelo HICP<\/span><\/strong><\/p>\n<p><a href=\"https:\/\/blogger.googleusercontent.com\/img\/b\/R29vZ2xl\/AVvXsEhIwPdBRnwfm4mye3F16jmnZViBQtAt6CIZApGXQ_QMR5Il2bvv_QB9uQvnP9YhSvF7BXPaPGrdHb-8rbHC9B6fVNmla0aoFPu4NLS30rmkqpxQAtdxHSQqI9vnRtSpxB2B0QJRytb2NItqifVhfTeKYkzO3ctgUujakLhYWemr4wlQDnTImx61sT97fA\/s746\/3.png\" target=\"_blank\" rel=\"noopener\"><img decoding=\"async\" class=\"aligncenter size-medium\" src=\"https:\/\/blogger.googleusercontent.com\/img\/b\/R29vZ2xl\/AVvXsEhIwPdBRnwfm4mye3F16jmnZViBQtAt6CIZApGXQ_QMR5Il2bvv_QB9uQvnP9YhSvF7BXPaPGrdHb-8rbHC9B6fVNmla0aoFPu4NLS30rmkqpxQAtdxHSQqI9vnRtSpxB2B0QJRytb2NItqifVhfTeKYkzO3ctgUujakLhYWemr4wlQDnTImx61sT97fA\/s746\/3.png\" width=\"686\" height=\"746\" \/><\/a><\/p>\n<p style=\"text-align: center\"><span style=\"font-size: 10pt\"><strong><span style=\"font-family: verdana, geneva, sans-serif\">Annual Rate (Taxa Anual); Monthly Rate (Taxa Mensal).<\/span><\/strong><\/span><\/p>\n<p style=\"text-align: center\"><span style=\"font-size: 10pt\"><strong><span style=\"font-family: verdana, geneva, sans-serif\">Nota: Iceland (Isl\u00e2ndia), Norway (Noruega) e Switzerland (Su\u00ed\u00e7a) n\u00e3o fazem parte da UE.<\/span><\/strong><\/span><\/p>\n<p style=\"text-align: center\"><span style=\"font-size: 10pt\"><strong><span style=\"font-family: verdana, geneva, sans-serif\">Fonte: Eurostat.<\/span><\/strong><\/span><\/p>\n<p>&nbsp;<\/p>\n<p><span style=\"font-family: verdana, geneva, sans-serif;font-size: 14pt\">Em agosto de 2022, o contributo mais elevado para a taxa de infla\u00e7\u00e3o da zona euro veio da energia (+3.95% ), seguido de alimentos, \u00e1lcool e tabaco (+2.25%), servi\u00e7os (+1.62%) e non-energy industrial goods \u2013 NEIG (+1.33%).<\/span><\/p>\n<p>&nbsp;<\/p>\n<p><span style=\"font-family: verdana, geneva, sans-serif;font-size: 14pt\">O NEIG (bens industriais n\u00e3o energ\u00e9ticos) cont\u00e9m tr\u00eas componentes: 1- bens n\u00e3o dur\u00e1veis (ex: bens eletr\u00f3nicos para cuidados pessoais, produtos farmac\u00eauticos, jornais), representando 27% do NEIG; 2- bens semi dur\u00e1veis (ex: roupas e cal\u00e7ados, livros, equipamentos recreativos), representando 39% do NEIG; 3- bens dur\u00e1veis (ex: carros, m\u00f3veis, eletrodom\u00e9sticos, computadores), representando 34% do NEIG.<\/span><\/p>\n<p>&nbsp;<\/p>\n<p style=\"text-align: center\"><strong><span style=\"font-family: verdana, geneva, sans-serif;font-size: 14pt\">Figura 4 \u2013 Contribui\u00e7\u00e3o Mensal para a Taxa de Infla\u00e7\u00e3o de Pre\u00e7os Anual da Zona Euro por Componentes<\/span><\/strong><\/p>\n<p><a href=\"https:\/\/blogger.googleusercontent.com\/img\/b\/R29vZ2xl\/AVvXsEgLIww0KvXxDo1TEayG12IkgUk7IR5t99KO0b9eb3TjPmDkLIBk6VYJnImSuvjl9oNnZNVDmyOa4MIHbYXlVsAMABO6zOvba9A0Y1dYLVzXyabcsnQguHBI2LJgNZXvw6mINs9lln302YAy2WXMcd9XuJtAFsBwco9CHPEmEm9utUUAAxWxolTCQIE5Rw\/s687\/4.png\" target=\"_blank\" rel=\"noopener\"><img loading=\"lazy\" decoding=\"async\" class=\"aligncenter size-medium\" src=\"https:\/\/blogger.googleusercontent.com\/img\/b\/R29vZ2xl\/AVvXsEgLIww0KvXxDo1TEayG12IkgUk7IR5t99KO0b9eb3TjPmDkLIBk6VYJnImSuvjl9oNnZNVDmyOa4MIHbYXlVsAMABO6zOvba9A0Y1dYLVzXyabcsnQguHBI2LJgNZXvw6mINs9lln302YAy2WXMcd9XuJtAFsBwco9CHPEmEm9utUUAAxWxolTCQIE5Rw\/s687\/4.png\" width=\"687\" height=\"226\" \/><\/a><\/p>\n<p style=\"text-align: center\"><span style=\"font-size: 10pt\"><strong><span style=\"font-family: verdana, geneva, sans-serif\">Fonte: Eurostat.<\/span><\/strong><\/span><\/p>\n<p>&nbsp;<\/p>\n<p><span style=\"font-family: verdana, geneva, sans-serif;font-size: 14pt\">Em agosto de 2022, o componente com maior taxa de infla\u00e7\u00e3o anual na zona euro foi a da energia (38.6%); a menor, a dos servi\u00e7os (3.8%).<\/span><\/p>\n<p>&nbsp;<\/p>\n<p style=\"text-align: center\"><strong><span style=\"font-family: verdana, geneva, sans-serif;font-size: 14pt\">Figura 5 \u2013 Taxa de Infla\u00e7\u00e3o da Zona Euro por Componentes<\/span><\/strong><\/p>\n<p><a href=\"https:\/\/blogger.googleusercontent.com\/img\/b\/R29vZ2xl\/AVvXsEgiwywC23kCU8lz5TCP2Cjfb9R_Bg_ldu_NLdE58aT0CFkXcJk-x5P26xNUXjhi2QY2pp5rUWRm4pXeo-viP9ginCONnNwttW7SewohYhQxuRc-LEnxrkkiwm_8WKLDKbgznQP1OMVSrobi1be9tr7-JGdsE77dpom0-DHfn6s-s97RBN65ZCqC4ALG6w\/s682\/5.png\" target=\"_blank\" rel=\"noopener\"><img loading=\"lazy\" decoding=\"async\" class=\"aligncenter size-medium\" src=\"https:\/\/blogger.googleusercontent.com\/img\/b\/R29vZ2xl\/AVvXsEgiwywC23kCU8lz5TCP2Cjfb9R_Bg_ldu_NLdE58aT0CFkXcJk-x5P26xNUXjhi2QY2pp5rUWRm4pXeo-viP9ginCONnNwttW7SewohYhQxuRc-LEnxrkkiwm_8WKLDKbgznQP1OMVSrobi1be9tr7-JGdsE77dpom0-DHfn6s-s97RBN65ZCqC4ALG6w\/s682\/5.png\" width=\"682\" height=\"411\" \/><\/a><\/p>\n<p style=\"text-align: center\"><span style=\"font-size: 10pt\"><strong><span style=\"font-family: verdana, geneva, sans-serif\">Weights \u2013 \u2030 (Peso do Componente no C\u00e1lculo da Taxa de Infla\u00e7\u00e3o em \u2030); Annual Rate (Taxa Anual); Monthly Rate (Taxa Mensal).<\/span><\/strong><\/span><\/p>\n<p style=\"text-align: center\"><span style=\"font-size: 10pt\"><strong><span style=\"font-family: verdana, geneva, sans-serif\">Fonte: Eurostat.<\/span><\/strong><\/span><\/p>\n<p>&nbsp;<\/p>\n<p>&nbsp;<\/p>\n<p><span style=\"font-family: verdana, geneva, sans-serif;font-size: 14pt\">Andr\u00e9 Marques<\/span><\/p>\n","protected":false},"excerpt":{"rendered":"<p>Segundo a Eurostat, a taxa de infla\u00e7\u00e3o anual da zona euro aumentou para 9.1% em agosto de 2022, face aos 8.9% do m\u00eas anterior. Em agosto de 2021, a taxa foi de 3%. A taxa de infla\u00e7\u00e3o anual da UE foi de 10.1% em agosto de 2022, face aos 9.8% do m\u00eas anterior. Em agosto [&hellip;]<\/p>\n","protected":false},"author":4,"featured_media":239598,"comment_status":"open","ping_status":"open","sticky":false,"template":"","format":"standard","meta":{"inline_featured_image":false,"site-sidebar-layout":"default","site-content-layout":"default","ast-site-content-layout":"","site-content-style":"default","site-sidebar-style":"default","ast-global-header-display":"","ast-banner-title-visibility":"","ast-main-header-display":"","ast-hfb-above-header-display":"","ast-hfb-below-header-display":"","ast-hfb-mobile-header-display":"","site-post-title":"","ast-breadcrumbs-content":"","ast-featured-img":"","footer-sml-layout":"","theme-transparent-header-meta":"default","adv-header-id-meta":"","stick-header-meta":"","header-above-stick-meta":"","header-main-stick-meta":"","header-below-stick-meta":"","astra-migrate-meta-layouts":"default","ast-page-background-enabled":"default","ast-page-background-meta":{"desktop":{"background-color":"var(--ast-global-color-4)","background-image":"","background-repeat":"repeat","background-position":"center center","background-size":"auto","background-attachment":"scroll","background-type":"","background-media":"","overlay-type":"","overlay-color":"","overlay-opacity":"","overlay-gradient":""},"tablet":{"background-color":"","background-image":"","background-repeat":"repeat","background-position":"center center","background-size":"auto","background-attachment":"scroll","background-type":"","background-media":"","overlay-type":"","overlay-color":"","overlay-opacity":"","overlay-gradient":""},"mobile":{"background-color":"","background-image":"","background-repeat":"repeat","background-position":"center center","background-size":"auto","background-attachment":"scroll","background-type":"","background-media":"","overlay-type":"","overlay-color":"","overlay-opacity":"","overlay-gradient":""}},"ast-content-background-meta":{"desktop":{"background-color":"var(--ast-global-color-5)","background-image":"","background-repeat":"repeat","background-position":"center center","background-size":"auto","background-attachment":"scroll","background-type":"","background-media":"","overlay-type":"","overlay-color":"","overlay-opacity":"","overlay-gradient":""},"tablet":{"background-color":"var(--ast-global-color-5)","background-image":"","background-repeat":"repeat","background-position":"center center","background-size":"auto","background-attachment":"scroll","background-type":"","background-media":"","overlay-type":"","overlay-color":"","overlay-opacity":"","overlay-gradient":""},"mobile":{"background-color":"var(--ast-global-color-5)","background-image":"","background-repeat":"repeat","background-position":"center center","background-size":"auto","background-attachment":"scroll","background-type":"","background-media":"","overlay-type":"","overlay-color":"","overlay-opacity":"","overlay-gradient":""}},"footnotes":""},"categories":[1],"tags":[],"class_list":["post-243682","post","type-post","status-publish","format-standard","has-post-thumbnail","hentry","category-sem-categoria"],"_links":{"self":[{"href":"https:\/\/elementum.pt\/pt-pt\/wp-json\/wp\/v2\/posts\/243682","targetHints":{"allow":["GET"]}}],"collection":[{"href":"https:\/\/elementum.pt\/pt-pt\/wp-json\/wp\/v2\/posts"}],"about":[{"href":"https:\/\/elementum.pt\/pt-pt\/wp-json\/wp\/v2\/types\/post"}],"author":[{"embeddable":true,"href":"https:\/\/elementum.pt\/pt-pt\/wp-json\/wp\/v2\/users\/4"}],"replies":[{"embeddable":true,"href":"https:\/\/elementum.pt\/pt-pt\/wp-json\/wp\/v2\/comments?post=243682"}],"version-history":[{"count":0,"href":"https:\/\/elementum.pt\/pt-pt\/wp-json\/wp\/v2\/posts\/243682\/revisions"}],"wp:featuredmedia":[{"embeddable":true,"href":"https:\/\/elementum.pt\/pt-pt\/wp-json\/wp\/v2\/media\/239598"}],"wp:attachment":[{"href":"https:\/\/elementum.pt\/pt-pt\/wp-json\/wp\/v2\/media?parent=243682"}],"wp:term":[{"taxonomy":"category","embeddable":true,"href":"https:\/\/elementum.pt\/pt-pt\/wp-json\/wp\/v2\/categories?post=243682"},{"taxonomy":"post_tag","embeddable":true,"href":"https:\/\/elementum.pt\/pt-pt\/wp-json\/wp\/v2\/tags?post=243682"}],"curies":[{"name":"wp","href":"https:\/\/api.w.org\/{rel}","templated":true}]}}