{"id":243603,"date":"2022-09-07T14:44:23","date_gmt":"2022-09-07T13:44:23","guid":{"rendered":"https:\/\/elementum.pt\/?p=243603"},"modified":"2022-10-10T15:45:09","modified_gmt":"2022-10-10T14:45:09","slug":"endividamento-do-setor-nao-financeiro-em-portugal-sofreu-um-aumento-de-e-1-1-mil-milhoes-em-junho-de-2022","status":"publish","type":"post","link":"https:\/\/elementum.pt\/pt-pt\/endividamento-do-setor-nao-financeiro-em-portugal-sofreu-um-aumento-de-e-1-1-mil-milhoes-em-junho-de-2022\/","title":{"rendered":"Endividamento do Setor n\u00e3o Financeiro em Portugal Sofreu um Aumento de \u20ac 1.1 Mil Milh\u00f5es em Junho de 2022"},"content":{"rendered":"<p><span style=\"font-family: verdana, geneva, sans-serif;font-size: 14pt\">O Banco de Portugal <a href=\"https:\/\/bpstat.bportugal.pt\/conteudos\/noticias\/1730\" target=\"_blank\" rel=\"noopener\">publicou<\/a> os dados sobre o <a href=\"https:\/\/bpstat.bportugal.pt\/conteudos\/publicacoes\/1385\" target=\"_blank\" rel=\"noopener\">endividamento do setor n\u00e3o financeiro<\/a> em Portugal, que, em junho de 2022, sofreu um aumento de \u20ac 1.1 mil milh\u00f5es em rela\u00e7\u00e3o a <a href=\"https:\/\/elementum.pt\/pt-pt\/endividamento-do-setor-nao-financeiro-em-portugal-sofreu-um-aumento-de-e-3-7-mil-milhoes-em-maio-de-2022\/\" target=\"_blank\" rel=\"noopener\">maio de 2022<\/a>, atingindo \u20ac 794.8 mil milh\u00f5es. No total do 1\u00ba semestre, o aumento foi de \u20ac 24.1 mil milh\u00f5es.<\/span><\/p>\n<p>&nbsp;<\/p>\n<p><span style=\"font-family: verdana, geneva, sans-serif;font-size: 14pt\">O aumento do endividamento do setor p\u00fablico em \u20ac 14 mil milh\u00f5es distribuiu-se, essencialmente, pelo exterior e pelo setor financeiro com incrementos de \u20ac 6.9 e \u20ac 5.3 mil milh\u00f5es, respetivamente.<\/span><\/p>\n<p>&nbsp;<\/p>\n<p><span style=\"font-family: verdana, geneva, sans-serif;font-size: 14pt\">O acr\u00e9scimo do endividamento do setor privado de \u20ac 10.1 mil milh\u00f5es resultou, sobretudo, do aumento do endividamento das empresas privadas (\u20ac 6.9 mil milh\u00f5es de euros), principalmente junto do exterior, do setor financeiro e das empresas. Registou-se tamb\u00e9m um aumento do endividamento dos particulares (\u20ac 3.2 mil milh\u00f5es), maioritariamente junto do setor financeiro.<\/span><\/p>\n<p>&nbsp;<\/p>\n<p style=\"text-align: center\"><strong><span style=\"font-family: verdana, geneva, sans-serif;font-size: 14pt\">Figura 1 \u2013 Endividamento do Setor n\u00e3o Financeiro por Setor Devedor, em Milh\u00f5es de Euros (Junho 2021 \u2013 Junho 2022)<\/span><\/strong><\/p>\n<p><a href=\"https:\/\/blogger.googleusercontent.com\/img\/b\/R29vZ2xl\/AVvXsEjxNDj0ZHVSMU1v4f8ZdoseoPPa4Q5RfpKCYjmGC3ejyDEkvowI4PUX12PiBsBM-CwUYnHYPT1F6os2wdM7x7rZm8wIBartNk7uvkdY6uvAJa6c7bAyx9Q4eEJHa-g5-mDaZ0t-GGhAuQ-karWp0JSE1VQadDzxwK8UFPtLSV6QceZCmYC4pXCFXmSjSw\/s1400\/1.png\" target=\"_blank\" rel=\"noopener\"><img fetchpriority=\"high\" decoding=\"async\" class=\"aligncenter size-medium\" src=\"https:\/\/blogger.googleusercontent.com\/img\/b\/R29vZ2xl\/AVvXsEjxNDj0ZHVSMU1v4f8ZdoseoPPa4Q5RfpKCYjmGC3ejyDEkvowI4PUX12PiBsBM-CwUYnHYPT1F6os2wdM7x7rZm8wIBartNk7uvkdY6uvAJa6c7bAyx9Q4eEJHa-g5-mDaZ0t-GGhAuQ-karWp0JSE1VQadDzxwK8UFPtLSV6QceZCmYC4pXCFXmSjSw\/s1400\/1.png\" width=\"1400\" height=\"650\" \/><\/a><\/p>\n<p style=\"text-align: center\"><span style=\"font-size: 10pt\"><strong><span style=\"font-family: verdana, geneva, sans-serif\">Fonte: Banco de Portugal.<\/span><\/strong><\/span><\/p>\n<p>&nbsp;<\/p>\n<p><span style=\"font-family: verdana, geneva, sans-serif;font-size: 14pt\">O Banco de Portugal tamb\u00e9m afirmou que, apesar dos aumentos nominais do endividamento do setor n\u00e3o financeiro (em percentagem do PIB), observou-se uma redu\u00e7\u00e3o do r\u00e1cio, refletindo o aumento do PIB. Assim, no 1\u00ba semestre de 2022, o endividamento do setor n\u00e3o financeiro diminuiu de 364.7% para 358.9% do PIB, registando-se uma redu\u00e7\u00e3o do endividamento do setor p\u00fablico de 162.7% para 161.6% do PIB, e um decr\u00e9scimo do endividamento do setor privado de 202.1% para 197.4% do PIB.<\/span><\/p>\n<p>&nbsp;<\/p>\n<p style=\"text-align: center\"><strong><span style=\"font-family: verdana, geneva, sans-serif;font-size: 14pt\">Figura 2 \u2013 Endividamento do Setor n\u00e3o Financeiro em % do PIB<\/span><\/strong><\/p>\n<p><a href=\"https:\/\/blogger.googleusercontent.com\/img\/b\/R29vZ2xl\/AVvXsEjB5pCLbv93wAJ94FttlC--aTgDIGvKyh4RA4uFzK_5qZkLv7QKlVzeXF2MEzfa9QFnciiKTtQKKrwkLlUmqC7nlP8nr-3E1Qf3mH3xEKLLJ_NIe9-sZyI5vro_XK1tjA8xcZCvfi5deVGwT5k7jZWx4Z-5SA5Ys8BGjNPqnEHKBrzcLaOR4nWT4JZN2A\/s1400\/2.png\" target=\"_blank\" rel=\"noopener\"><img decoding=\"async\" class=\"aligncenter size-medium\" src=\"https:\/\/blogger.googleusercontent.com\/img\/b\/R29vZ2xl\/AVvXsEjB5pCLbv93wAJ94FttlC--aTgDIGvKyh4RA4uFzK_5qZkLv7QKlVzeXF2MEzfa9QFnciiKTtQKKrwkLlUmqC7nlP8nr-3E1Qf3mH3xEKLLJ_NIe9-sZyI5vro_XK1tjA8xcZCvfi5deVGwT5k7jZWx4Z-5SA5Ys8BGjNPqnEHKBrzcLaOR4nWT4JZN2A\/s1400\/2.png\" width=\"1400\" height=\"650\" \/><\/a><\/p>\n<p style=\"text-align: center\"><span style=\"font-size: 10pt\"><strong><span style=\"font-family: verdana, geneva, sans-serif\">Fonte: Banco de Portugal.<\/span><\/strong><\/span><\/p>\n<p>&nbsp;<\/p>\n<p><span style=\"font-family: verdana, geneva, sans-serif;font-size: 14pt\">Em junho de 2022, o endividamento das empresas privadas sofreu um aumento de 4.1% em rela\u00e7\u00e3o a junho de 2021 (+0.3% do que o verificado no final de 2021).<\/span><\/p>\n<p>&nbsp;<\/p>\n<p style=\"text-align: center\"><span style=\"font-size: 14pt\"><strong><span style=\"font-family: verdana, geneva, sans-serif\">Figura 3 \u2013 Taxa de Varia\u00e7\u00e3o Anual do Endividamento das Empresas Privadas (2017-2022)<\/span><\/strong><\/span><\/p>\n<p><a href=\"https:\/\/blogger.googleusercontent.com\/img\/b\/R29vZ2xl\/AVvXsEhHeSjz8kB00yB6uzIrNRBoBnW53GbcPmuUlVwDPkCGo0ZSWM4Px1rjtep-2xjine1B8v43r3e5xWLz8MklisnV6Ud1vZRKLkAJlNzine9-3JQJfDgrUUAG745jHNuH8_XrssTVEaSIpAAxTEq4U_bw3y0W7YtGekyZy9SZJ51OYuMmyw6Mrxoky37kqg\/s1400\/3.png\" target=\"_blank\" rel=\"noopener\"><img decoding=\"async\" class=\"aligncenter size-medium\" src=\"https:\/\/blogger.googleusercontent.com\/img\/b\/R29vZ2xl\/AVvXsEhHeSjz8kB00yB6uzIrNRBoBnW53GbcPmuUlVwDPkCGo0ZSWM4Px1rjtep-2xjine1B8v43r3e5xWLz8MklisnV6Ud1vZRKLkAJlNzine9-3JQJfDgrUUAG745jHNuH8_XrssTVEaSIpAAxTEq4U_bw3y0W7YtGekyZy9SZJ51OYuMmyw6Mrxoky37kqg\/s1400\/3.png\" width=\"1400\" height=\"650\" \/><\/a><\/p>\n<p style=\"text-align: center\"><span style=\"font-size: 10pt\"><strong><span style=\"font-family: verdana, geneva, sans-serif\">Fonte: Banco de Portugal.<\/span><\/strong><\/span><\/p>\n<p>&nbsp;<\/p>\n<p><span style=\"font-family: verdana, geneva, sans-serif;font-size: 14pt\">J\u00e1 o endividamento dos particulares sofreu um aumento de 4.4% em rela\u00e7\u00e3o a junho de 2021 (+1.2% do que o verificado no final de 2021).<\/span><\/p>\n<p>&nbsp;<\/p>\n<p style=\"text-align: center\"><strong><span style=\"font-family: verdana, geneva, sans-serif;font-size: 14pt\">Figura 4 \u2013 Taxa de Varia\u00e7\u00e3o Anual do Endividamento dos Particulares (2017-2022)<\/span><\/strong><\/p>\n<p><a href=\"https:\/\/blogger.googleusercontent.com\/img\/b\/R29vZ2xl\/AVvXsEhaRPXKSLw4vd90I79mS3HkN3HM7DryjesccdkphsqJ8SoT0PwbO9vwgB-e6JHZUKbZHqZaKqJb9F0BK7_-hJet78iocqCfSF8rWdHEBBJ6k0EGoriFUwTOrKhkMmF-K5ycsJ4wMCIXu8EyD4x2ZjACdgA_gKfCvKJK6dTT_pRWniAD1H3KLIRx-z6YKw\/s1400\/4.png\" target=\"_blank\" rel=\"noopener\"><img loading=\"lazy\" decoding=\"async\" class=\"aligncenter size-medium\" src=\"https:\/\/blogger.googleusercontent.com\/img\/b\/R29vZ2xl\/AVvXsEhaRPXKSLw4vd90I79mS3HkN3HM7DryjesccdkphsqJ8SoT0PwbO9vwgB-e6JHZUKbZHqZaKqJb9F0BK7_-hJet78iocqCfSF8rWdHEBBJ6k0EGoriFUwTOrKhkMmF-K5ycsJ4wMCIXu8EyD4x2ZjACdgA_gKfCvKJK6dTT_pRWniAD1H3KLIRx-z6YKw\/s1400\/4.png\" width=\"1400\" height=\"650\" \/><\/a><\/p>\n<p style=\"text-align: center\"><strong><span style=\"font-family: verdana, geneva, sans-serif;font-size: 10pt\">Fonte: Banco de Portugal.<\/span><\/strong><\/p>\n<p>&nbsp;<\/p>\n<p>&nbsp;<\/p>\n<p><span style=\"font-family: verdana, geneva, sans-serif;font-size: 14pt\">Andr\u00e9 Marques<\/span><\/p>\n","protected":false},"excerpt":{"rendered":"<p>O Banco de Portugal publicou os dados sobre o endividamento do setor n\u00e3o financeiro em Portugal, que, em junho de 2022, sofreu um aumento de \u20ac 1.1 mil milh\u00f5es em rela\u00e7\u00e3o a maio de 2022, atingindo \u20ac 794.8 mil milh\u00f5es. No total do 1\u00ba semestre, o aumento foi de \u20ac 24.1 mil milh\u00f5es. &nbsp; O [&hellip;]<\/p>\n","protected":false},"author":4,"featured_media":239562,"comment_status":"open","ping_status":"open","sticky":false,"template":"","format":"standard","meta":{"inline_featured_image":false,"site-sidebar-layout":"default","site-content-layout":"default","ast-site-content-layout":"","site-content-style":"default","site-sidebar-style":"default","ast-global-header-display":"","ast-banner-title-visibility":"","ast-main-header-display":"","ast-hfb-above-header-display":"","ast-hfb-below-header-display":"","ast-hfb-mobile-header-display":"","site-post-title":"","ast-breadcrumbs-content":"","ast-featured-img":"","footer-sml-layout":"","theme-transparent-header-meta":"default","adv-header-id-meta":"","stick-header-meta":"","header-above-stick-meta":"","header-main-stick-meta":"","header-below-stick-meta":"","astra-migrate-meta-layouts":"default","ast-page-background-enabled":"default","ast-page-background-meta":{"desktop":{"background-color":"var(--ast-global-color-4)","background-image":"","background-repeat":"repeat","background-position":"center center","background-size":"auto","background-attachment":"scroll","background-type":"","background-media":"","overlay-type":"","overlay-color":"","overlay-opacity":"","overlay-gradient":""},"tablet":{"background-color":"","background-image":"","background-repeat":"repeat","background-position":"center center","background-size":"auto","background-attachment":"scroll","background-type":"","background-media":"","overlay-type":"","overlay-color":"","overlay-opacity":"","overlay-gradient":""},"mobile":{"background-color":"","background-image":"","background-repeat":"repeat","background-position":"center center","background-size":"auto","background-attachment":"scroll","background-type":"","background-media":"","overlay-type":"","overlay-color":"","overlay-opacity":"","overlay-gradient":""}},"ast-content-background-meta":{"desktop":{"background-color":"var(--ast-global-color-5)","background-image":"","background-repeat":"repeat","background-position":"center center","background-size":"auto","background-attachment":"scroll","background-type":"","background-media":"","overlay-type":"","overlay-color":"","overlay-opacity":"","overlay-gradient":""},"tablet":{"background-color":"var(--ast-global-color-5)","background-image":"","background-repeat":"repeat","background-position":"center center","background-size":"auto","background-attachment":"scroll","background-type":"","background-media":"","overlay-type":"","overlay-color":"","overlay-opacity":"","overlay-gradient":""},"mobile":{"background-color":"var(--ast-global-color-5)","background-image":"","background-repeat":"repeat","background-position":"center center","background-size":"auto","background-attachment":"scroll","background-type":"","background-media":"","overlay-type":"","overlay-color":"","overlay-opacity":"","overlay-gradient":""}},"footnotes":""},"categories":[1],"tags":[],"class_list":["post-243603","post","type-post","status-publish","format-standard","has-post-thumbnail","hentry","category-sem-categoria"],"_links":{"self":[{"href":"https:\/\/elementum.pt\/pt-pt\/wp-json\/wp\/v2\/posts\/243603","targetHints":{"allow":["GET"]}}],"collection":[{"href":"https:\/\/elementum.pt\/pt-pt\/wp-json\/wp\/v2\/posts"}],"about":[{"href":"https:\/\/elementum.pt\/pt-pt\/wp-json\/wp\/v2\/types\/post"}],"author":[{"embeddable":true,"href":"https:\/\/elementum.pt\/pt-pt\/wp-json\/wp\/v2\/users\/4"}],"replies":[{"embeddable":true,"href":"https:\/\/elementum.pt\/pt-pt\/wp-json\/wp\/v2\/comments?post=243603"}],"version-history":[{"count":0,"href":"https:\/\/elementum.pt\/pt-pt\/wp-json\/wp\/v2\/posts\/243603\/revisions"}],"wp:featuredmedia":[{"embeddable":true,"href":"https:\/\/elementum.pt\/pt-pt\/wp-json\/wp\/v2\/media\/239562"}],"wp:attachment":[{"href":"https:\/\/elementum.pt\/pt-pt\/wp-json\/wp\/v2\/media?parent=243603"}],"wp:term":[{"taxonomy":"category","embeddable":true,"href":"https:\/\/elementum.pt\/pt-pt\/wp-json\/wp\/v2\/categories?post=243603"},{"taxonomy":"post_tag","embeddable":true,"href":"https:\/\/elementum.pt\/pt-pt\/wp-json\/wp\/v2\/tags?post=243603"}],"curies":[{"name":"wp","href":"https:\/\/api.w.org\/{rel}","templated":true}]}}