{"id":243570,"date":"2022-08-23T14:42:51","date_gmt":"2022-08-23T13:42:51","guid":{"rendered":"https:\/\/elementum.pt\/?p=243570"},"modified":"2022-10-10T15:50:43","modified_gmt":"2022-10-10T14:50:43","slug":"divida-publica-portuguesa-teve-um-aumento-de-e-200-milhoes-em-junho-de-2022","status":"publish","type":"post","link":"https:\/\/elementum.pt\/pt-pt\/divida-publica-portuguesa-teve-um-aumento-de-e-200-milhoes-em-junho-de-2022\/","title":{"rendered":"D\u00edvida P\u00fablica Portuguesa Teve um Aumento de \u20ac 200 Milh\u00f5es em Junho de 2022"},"content":{"rendered":"<p><span style=\"font-size: 14pt;font-family: verdana, geneva, sans-serif\">De acordo com o <a href=\"https:\/\/bpstat.bportugal.pt\/conteudos\/noticias\/1723\" target=\"_blank\" rel=\"noopener\">Banco de Portugal<\/a>, em junho de 2022, a d\u00edvida p\u00fablica na \u00f3tica de Maastricht em Portugal sofreu um aumento de \u20ac 200 milh\u00f5es (em rela\u00e7\u00e3o ao <a href=\"https:\/\/elementum.pt\/pt-pt\/divida-publica-portuguesa-teve-um-aumento-de-e-1-3-mil-milhoes-em-maio-de-2022\/\" target=\"_blank\" rel=\"noopener\">m\u00eas anterior<\/a>), totalizando \u20ac 280.6 mil milh\u00f5es. Este aumento refletiu, essencialmente, as emiss\u00f5es de t\u00edtulos de d\u00edvida, que superaram as amortiza\u00e7\u00f5es em \u20ac 500 milh\u00f5es. Em sentido contr\u00e1rio, os instrumentos da d\u00edvida \u2018numer\u00e1rio e dep\u00f3sitos\u2019 e \u2018empr\u00e9stimos\u2019 diminu\u00edram, respetivamente, \u20ac 200 milh\u00f5es e \u20ac 100 milh\u00f5es.<\/span><\/p>\n<p>&nbsp;<\/p>\n<p><span style=\"font-size: 14pt;font-family: verdana, geneva, sans-serif\">Os dep\u00f3sitos das administra\u00e7\u00f5es p\u00fablicas aumentaram \u20ac 2.4 mil milh\u00f5es. Deduzida desses dep\u00f3sitos, a d\u00edvida p\u00fablica diminuiu \u20ac 2.2 mil milh\u00f5es, atingindo \u20ac 252.5 mil milh\u00f5es.<\/span><\/p>\n<p>&nbsp;<\/p>\n<p><span style=\"font-size: 14pt;font-family: verdana, geneva, sans-serif\">A d\u00edvida p\u00fablica na \u00f3tica de Maastricht \u00e9 formada por <a href=\"https:\/\/bpstat.bportugal.pt\/conteudos\/publicacoes\/813\" target=\"_blank\" rel=\"noopener\">tr\u00eas componentes<\/a>: numer\u00e1rio e dep\u00f3sitos constitu\u00eddos junto das administra\u00e7\u00f5es p\u00fablicas (como os certificados de aforro ou do Tesouro); t\u00edtulos de d\u00edvida emitidos pelas administra\u00e7\u00f5es p\u00fablicas (como obriga\u00e7\u00f5es e bilhetes do Tesouro); empr\u00e9stimos obtidos pelas entidades da administra\u00e7\u00e3o p\u00fablica.<\/span><\/p>\n<p>&nbsp;<\/p>\n<p style=\"text-align: center\"><strong><span style=\"font-size: 14pt;font-family: verdana, geneva, sans-serif\">Figura 1 \u2013 Evolu\u00e7\u00e3o Mensal da D\u00edvida P\u00fablica Portuguesa, em Milh\u00f5es de Euros (2018-2022)<\/span><\/strong><\/p>\n<p><a href=\"https:\/\/blogger.googleusercontent.com\/img\/b\/R29vZ2xl\/AVvXsEhSNYKAluCsnvZA3oxuCXoLh1Io8TwJiG7cJHHox20XT1bb7-_WsJVRMq7yWQEnnli-Tn9bBAR22KqW0lgaPVSVaurWrWJ7dbujDLRog4PMa_QRRxNElEum4nzhhNJWH3kPXIxfY8EJvBka8b4tYMGhc1K0egsIXyIFMXe-nn9-KShlbnIrVO3YvHdHfQ\/s1400\/1.png\" target=\"_blank\" rel=\"noopener\"><img fetchpriority=\"high\" decoding=\"async\" class=\"aligncenter size-medium\" src=\"https:\/\/blogger.googleusercontent.com\/img\/b\/R29vZ2xl\/AVvXsEhSNYKAluCsnvZA3oxuCXoLh1Io8TwJiG7cJHHox20XT1bb7-_WsJVRMq7yWQEnnli-Tn9bBAR22KqW0lgaPVSVaurWrWJ7dbujDLRog4PMa_QRRxNElEum4nzhhNJWH3kPXIxfY8EJvBka8b4tYMGhc1K0egsIXyIFMXe-nn9-KShlbnIrVO3YvHdHfQ\/s1400\/1.png\" width=\"1400\" height=\"650\" \/><\/a><\/p>\n<p style=\"text-align: center\"><span style=\"font-size: 10pt\"><strong><span style=\"font-family: verdana, geneva, sans-serif\">Fonte: Banco de Portugal.<\/span><\/strong><\/span><\/p>\n<p>&nbsp;<\/p>\n<p style=\"text-align: center\"><strong><span style=\"font-size: 14pt;font-family: verdana, geneva, sans-serif\">Figura 2 \u2013 Varia\u00e7\u00e3o Mensal da D\u00edvida P\u00fablica, por Instrumento (2020-2022)<\/span><\/strong><\/p>\n<p><a href=\"https:\/\/blogger.googleusercontent.com\/img\/b\/R29vZ2xl\/AVvXsEhJ4wWmoT6n0LvdtQrpxeqw2n7wso-u2o5KgqpVQ8xoaka-7WTI7zPeiYH0h5YRsZA33DrWGm26S4jlDAgbLeFQORu_NFWkAuXOq0-h_pDQVdqdOKVvpwJKZEXuP1WHto1JuG6XCCZx8C12eIlAWlab37tbJ8Rp7ZVXSeOGZbfFBf_Pt-tDYRGKVLtHvQ\/s1400\/2.png\" target=\"_blank\" rel=\"noopener\"><img decoding=\"async\" class=\"aligncenter size-medium\" src=\"https:\/\/blogger.googleusercontent.com\/img\/b\/R29vZ2xl\/AVvXsEhJ4wWmoT6n0LvdtQrpxeqw2n7wso-u2o5KgqpVQ8xoaka-7WTI7zPeiYH0h5YRsZA33DrWGm26S4jlDAgbLeFQORu_NFWkAuXOq0-h_pDQVdqdOKVvpwJKZEXuP1WHto1JuG6XCCZx8C12eIlAWlab37tbJ8Rp7ZVXSeOGZbfFBf_Pt-tDYRGKVLtHvQ\/s1400\/2.png\" width=\"1400\" height=\"650\" \/><\/a><\/p>\n<p style=\"text-align: center\"><span style=\"font-size: 10pt\"><strong><span style=\"font-family: verdana, geneva, sans-serif\">Fonte: Banco de Portugal.<\/span><\/strong><\/span><\/p>\n<p>&nbsp;<\/p>\n<p><span style=\"font-size: 14pt;font-family: verdana, geneva, sans-serif\">No 2\u00ba trimestre deste ano, a d\u00edvida p\u00fablica totalizou 126.7% do produto interno bruto (PIB), o que representa uma diminui\u00e7\u00e3o de 0.3% relativamente ao final do trimestre anterior.<\/span><\/p>\n<p>&nbsp;<\/p>\n<p style=\"text-align: center\"><strong><span style=\"font-size: 14pt;font-family: verdana, geneva, sans-serif\">Figura 3 \u2013 D\u00edvida P\u00fablica Portuguesa em Percentagem do PIB (2018-2022)<\/span><\/strong><\/p>\n<p><a href=\"https:\/\/blogger.googleusercontent.com\/img\/b\/R29vZ2xl\/AVvXsEjP1uVfb0iORR0LxRuWorMx_ASIF2EDP1FvYVhcY7qsJn_uGz5pIhA4OsHpkG5xOtWyXIDpeKWJ9PLdGA5OeCUYi9E8iiM1BP0csIUZl9OI_AS1UEakMfmy41t2j2gilN_JR7QruYoYD1ksDDSQR3BNiiH6tdiVc_w4lMOsXq-wVPHPCrgzhuffrzFxJw\/s1400\/3.png\" target=\"_blank\" rel=\"noopener\"><img decoding=\"async\" class=\"aligncenter size-medium\" src=\"https:\/\/blogger.googleusercontent.com\/img\/b\/R29vZ2xl\/AVvXsEjP1uVfb0iORR0LxRuWorMx_ASIF2EDP1FvYVhcY7qsJn_uGz5pIhA4OsHpkG5xOtWyXIDpeKWJ9PLdGA5OeCUYi9E8iiM1BP0csIUZl9OI_AS1UEakMfmy41t2j2gilN_JR7QruYoYD1ksDDSQR3BNiiH6tdiVc_w4lMOsXq-wVPHPCrgzhuffrzFxJw\/s1400\/3.png\" width=\"1400\" height=\"650\" \/><\/a><\/p>\n<p style=\"text-align: center\"><span style=\"font-size: 10pt\"><strong><span style=\"font-family: verdana, geneva, sans-serif\">Fonte: Banco de Portugal.<\/span><\/strong><\/span><\/p>\n<p>&nbsp;<\/p>\n<p>&nbsp;<\/p>\n<p><span style=\"font-size: 14pt;font-family: verdana, geneva, sans-serif\">Andr\u00e9 Marques<\/span><\/p>\n","protected":false},"excerpt":{"rendered":"<p>De acordo com o Banco de Portugal, em junho de 2022, a d\u00edvida p\u00fablica na \u00f3tica de Maastricht em Portugal sofreu um aumento de \u20ac 200 milh\u00f5es (em rela\u00e7\u00e3o ao m\u00eas anterior), totalizando \u20ac 280.6 mil milh\u00f5es. Este aumento refletiu, essencialmente, as emiss\u00f5es de t\u00edtulos de d\u00edvida, que superaram as amortiza\u00e7\u00f5es em \u20ac 500 milh\u00f5es. [&hellip;]<\/p>\n","protected":false},"author":4,"featured_media":239533,"comment_status":"open","ping_status":"open","sticky":false,"template":"","format":"standard","meta":{"inline_featured_image":false,"site-sidebar-layout":"default","site-content-layout":"default","ast-site-content-layout":"","site-content-style":"default","site-sidebar-style":"default","ast-global-header-display":"","ast-banner-title-visibility":"","ast-main-header-display":"","ast-hfb-above-header-display":"","ast-hfb-below-header-display":"","ast-hfb-mobile-header-display":"","site-post-title":"","ast-breadcrumbs-content":"","ast-featured-img":"","footer-sml-layout":"","theme-transparent-header-meta":"default","adv-header-id-meta":"","stick-header-meta":"","header-above-stick-meta":"","header-main-stick-meta":"","header-below-stick-meta":"","astra-migrate-meta-layouts":"default","ast-page-background-enabled":"default","ast-page-background-meta":{"desktop":{"background-color":"var(--ast-global-color-4)","background-image":"","background-repeat":"repeat","background-position":"center center","background-size":"auto","background-attachment":"scroll","background-type":"","background-media":"","overlay-type":"","overlay-color":"","overlay-opacity":"","overlay-gradient":""},"tablet":{"background-color":"","background-image":"","background-repeat":"repeat","background-position":"center center","background-size":"auto","background-attachment":"scroll","background-type":"","background-media":"","overlay-type":"","overlay-color":"","overlay-opacity":"","overlay-gradient":""},"mobile":{"background-color":"","background-image":"","background-repeat":"repeat","background-position":"center center","background-size":"auto","background-attachment":"scroll","background-type":"","background-media":"","overlay-type":"","overlay-color":"","overlay-opacity":"","overlay-gradient":""}},"ast-content-background-meta":{"desktop":{"background-color":"var(--ast-global-color-5)","background-image":"","background-repeat":"repeat","background-position":"center center","background-size":"auto","background-attachment":"scroll","background-type":"","background-media":"","overlay-type":"","overlay-color":"","overlay-opacity":"","overlay-gradient":""},"tablet":{"background-color":"var(--ast-global-color-5)","background-image":"","background-repeat":"repeat","background-position":"center center","background-size":"auto","background-attachment":"scroll","background-type":"","background-media":"","overlay-type":"","overlay-color":"","overlay-opacity":"","overlay-gradient":""},"mobile":{"background-color":"var(--ast-global-color-5)","background-image":"","background-repeat":"repeat","background-position":"center center","background-size":"auto","background-attachment":"scroll","background-type":"","background-media":"","overlay-type":"","overlay-color":"","overlay-opacity":"","overlay-gradient":""}},"footnotes":""},"categories":[1],"tags":[],"class_list":["post-243570","post","type-post","status-publish","format-standard","has-post-thumbnail","hentry","category-sem-categoria"],"_links":{"self":[{"href":"https:\/\/elementum.pt\/pt-pt\/wp-json\/wp\/v2\/posts\/243570","targetHints":{"allow":["GET"]}}],"collection":[{"href":"https:\/\/elementum.pt\/pt-pt\/wp-json\/wp\/v2\/posts"}],"about":[{"href":"https:\/\/elementum.pt\/pt-pt\/wp-json\/wp\/v2\/types\/post"}],"author":[{"embeddable":true,"href":"https:\/\/elementum.pt\/pt-pt\/wp-json\/wp\/v2\/users\/4"}],"replies":[{"embeddable":true,"href":"https:\/\/elementum.pt\/pt-pt\/wp-json\/wp\/v2\/comments?post=243570"}],"version-history":[{"count":0,"href":"https:\/\/elementum.pt\/pt-pt\/wp-json\/wp\/v2\/posts\/243570\/revisions"}],"wp:featuredmedia":[{"embeddable":true,"href":"https:\/\/elementum.pt\/pt-pt\/wp-json\/wp\/v2\/media\/239533"}],"wp:attachment":[{"href":"https:\/\/elementum.pt\/pt-pt\/wp-json\/wp\/v2\/media?parent=243570"}],"wp:term":[{"taxonomy":"category","embeddable":true,"href":"https:\/\/elementum.pt\/pt-pt\/wp-json\/wp\/v2\/categories?post=243570"},{"taxonomy":"post_tag","embeddable":true,"href":"https:\/\/elementum.pt\/pt-pt\/wp-json\/wp\/v2\/tags?post=243570"}],"curies":[{"name":"wp","href":"https:\/\/api.w.org\/{rel}","templated":true}]}}