{"id":242900,"date":"2022-06-01T17:43:15","date_gmt":"2022-06-01T16:43:15","guid":{"rendered":"https:\/\/elementum.pt\/2022\/06\/01\/taxa-de-desemprego-da-zona-euro-permaneceu-em-6-8-em-abril-de-2022\/"},"modified":"2022-08-01T12:30:41","modified_gmt":"2022-08-01T11:30:41","slug":"taxa-de-desemprego-da-zona-euro-permaneceu-em-6-8-em-abril-de-2022","status":"publish","type":"post","link":"https:\/\/elementum.pt\/pt-pt\/taxa-de-desemprego-da-zona-euro-permaneceu-em-6-8-em-abril-de-2022\/","title":{"rendered":"Taxa de Desemprego da Zona Euro Permaneceu em 6.8% em Abril de 2022"},"content":{"rendered":"<p style=\"text-align:center;\"><span style=\"font-family:Verdana;font-size:18px;\"><strong><img fetchpriority=\"high\" decoding=\"async\" src=\"https:\/\/elementum.pt\/wp-content\/uploads\/2022\/08\/unemployed-eur-1.jpg\" width=\"600\" height=\"250\" alt=\"\" \/><br \/><\/strong><\/span><\/p>\n<p style=\"text-align:justify;\"><strong><br \/><\/strong><\/p>\n<p style=\"text-align:justify;\"><strong>Nota<\/strong><span style=\"font-family:Verdana;font-size:18px;\">: \u00c9 importante destacar que as taxas dedesemprego divulgadas pelos governos (seja dos da Uni\u00e3o Europeia, dos EUA, doBrasil, ou qualquer outro), tendem a ser menores do que a real taxa dedesemprego. Isto ocorre devido, por exemplo, a estas taxas n\u00e3o contarem aspessoas desencorajadas (que pararam de procurar emprego e n\u00e3o est\u00e3o contados nafor\u00e7a de trabalho) e\/ou que est\u00e3o a fazer trabalhos ocasionais. Veja exemplos <\/span><a href=\"https:\/\/www.mises.org.br\/Article.aspx?id=1471\" target=\"_blank\" rel=\"noopener\">aqui<\/a><span style=\"font-family:Verdana;font-size:18px;\">, <\/span><a href=\"https:\/\/mises.org.br\/Article.aspx?id=433\" target=\"_blank\" rel=\"noopener\">aqui<\/a><span style=\"font-family:Verdana;font-size:18px;\"> e <\/span><a href=\"https:\/\/youtu.be\/VmA1oXAGEIE\" target=\"_blank\" rel=\"noopener\">aqui<\/a><span style=\"font-family:Verdana;font-size:18px;\">.<\/span><\/p>\n<p style=\"text-align:justify;\"><span style=\"font-family:Verdana;font-size:18px;\"><br \/><\/span> <\/p>\n<p style=\"text-align:justify;\"><span><span style=\"font-family:Verdana;font-size:18px;\">Em abril de 2022, a taxa de desemprego da zonaeuro foi de 6.8%, est\u00e1vel em rela\u00e7\u00e3o ao <a href=\"https:\/\/www.elementum.pt\/pt\/noticias\/taxa-de-desemprego-da-zona-euro-diminuiu-para-6-8-em-marco-de-2022\" target=\"_blank\" rel=\"noopener\">m\u00eas anterior<\/a><\/span><span style=\"font-family:Verdana;font-size:18px;\">&nbsp;e menor do que a taxa de 8.2% em abrilde 2021, <a href=\"https:\/\/ec.europa.eu\/eurostat\/documents\/2995521\/14636259\/3-01062022-AP-EN.pdf\/85134828-9c7a-898b-1636-00c24ddca735\" target=\"_blank\" rel=\"noopener\">segundo a Eurostat<\/a><\/span><span style=\"font-family:Verdana;font-size:18px;\">. J\u00e1 a taxa de desemprego da Uni\u00e3o Europeia (UE) foi de 6.2% em abril de 2022,tamb\u00e9m est\u00e1vel em rela\u00e7\u00e3o ao m\u00eas anterior e menor do que a taxa de 7.5% em abrilde 2021.<\/span><\/span> <\/p>\n<p style=\"text-align:justify;\"><span><span style=\"font-family:Verdana;font-size:18px;\"><br \/><\/span><\/span> <\/p>\n<p style=\"text-align:center;\"><span style=\"font-family:Verdana;font-size:18px;\"><strong>Figura 1 \u2013 Taxa de Desemprego da Zona Euro eda UE (2008-2022)<\/strong><\/span> <\/p>\n<p style=\"text-align:center;\"><span style=\"font-family:Verdana;font-size:18px;\"><img decoding=\"async\" src=\"https:\/\/elementum.pt\/wp-content\/uploads\/2022\/08\/14_1-1.png\" width=\"618\" height=\"421\" alt=\"\" \/><br \/><\/span> <\/p>\n<p style=\"text-align:center;\"><span style=\"font-family:Verdana;font-size:12px;\"><strong>Zona Euro (Linha Vermelha); UE (Linha Azul).<\/strong><\/span> <\/p>\n<p style=\"text-align:center;\"><span style=\"font-family:Verdana;font-size:12px;\"><strong>Fonte: Eurostat.<\/strong><\/span> <\/p>\n<p style=\"text-align:center;\"><span style=\"font-family:Verdana;font-size:12px;\"><strong><br \/><\/strong><\/span> <\/p>\n<p style=\"text-align:justify;\"><span style=\"font-family:Verdana;font-size:18px;\">Estima-se que 13.264 milh\u00f5es pessoas na UE(das quais 11.181 milh\u00f5es da zona euro), estavam desempregadas em abril de2022. Em compara\u00e7\u00e3o ao m\u00eas anterior, a quantidade de pessoas desempregadas teveuma diminui\u00e7\u00e3o de 89 mil na UE e 96 mil na zona euro. Em compara\u00e7\u00e3o a abril de2021, a quantidade de pessoas desempregadas teve uma diminui\u00e7\u00e3o de 2.543milh\u00f5es na UE e 2.175 milh\u00f5es na zona euro.<\/span> <\/p>\n<p style=\"text-align:justify;\"><span style=\"font-family:Verdana;font-size:18px;\"><br \/><\/span> <\/p>\n<p style=\"text-align:justify;\"><span style=\"font-family:Verdana;font-size:18px;\">Em Portugal, a taxa de desemprego foi de 5.8%em abril de 2022, com 300 mil pessoas desempregadas.<\/span> <\/p>\n<p style=\"text-align:justify;\"><span style=\"font-family:Verdana;font-size:18px;\"><br \/><\/span> <\/p>\n<p style=\"text-align:center;\"><span style=\"font-family:Verdana;font-size:18px;\"><strong>Figura 2 \u2013 Taxas e Total do Desemprego da UE eda Zona Euro<\/strong><\/span> <\/p>\n<p style=\"text-align:center;\"><span style=\"font-family:Verdana;font-size:18px;\"><img decoding=\"async\" src=\"https:\/\/elementum.pt\/wp-content\/uploads\/2022\/08\/14_2-1.png\" width=\"823\" height=\"536\" alt=\"\" \/><br \/><\/span> <\/p>\n<p style=\"text-align:center;\"><span style=\"font-family:Verdana;font-size:12px;\"><strong>Rates % (Taxas %); Number of Persons inThousands (N\u00famero de Pessoas em Milhares); Euro Area (Zona Euro); EU (Uni\u00e3oEuropeia &#8211; UE); : (Dados N\u00e3o Dispon\u00edveis); * (Mar\u00e7o de 2021).<\/strong><\/span> <\/p>\n<p style=\"text-align:center;\"><span style=\"font-family:Verdana;font-size:12px;\"><strong>Nota: Iceland (Isl\u00e2ndia), Norway (Noruega) eSwitzerland (Su\u00ed\u00e7a) n\u00e3o fazem parte da UE.<\/strong><\/span> <\/p>\n<p style=\"text-align:center;\"><span style=\"font-family:Verdana;font-size:12px;\"><strong>Fonte: Eurostat.<\/strong><\/span> <\/p>\n<p style=\"text-align:center;\"><span style=\"font-family:Verdana;font-size:12px;\"><strong><br \/><\/strong><\/span> <\/p>\n<p style=\"text-align:justify;\"><span style=\"font-family:Verdana;font-size:18px;\">Em abril de 2022, a taxa de desemprego dosjovens (menores de 25 anos) foi de 13.9% na UE e na zona euro. No m\u00eas anterior,a taxa (para ambos) foi de 14% (dado atualizado).<\/span> <\/p>\n<p style=\"text-align:justify;\"><span style=\"font-family:Verdana;font-size:18px;\"><br \/><\/span> <\/p>\n<p style=\"text-align:center;\"><span style=\"font-family:Verdana;font-size:18px;\"><strong>Figura 3 \u2013 Taxa de Desemprego dos JovensMenores de 25 Anos da Zona Euro e da UE (2008-2022)<\/strong><\/span> <\/p>\n<p style=\"text-align:center;\"><span style=\"font-family:Verdana;font-size:18px;\"><img loading=\"lazy\" decoding=\"async\" src=\"https:\/\/elementum.pt\/wp-content\/uploads\/2022\/08\/11_3-1.png\" width=\"553\" height=\"378\" alt=\"\" \/><br \/><\/span><\/p>\n<p style=\"text-align:center;\"><span style=\"font-family:Verdana;font-size:12px;\"><strong>Zona Euro (Linha Vermelha); UE (Linha Azul).<\/strong><\/span> <\/p>\n<p style=\"text-align:center;\"><span style=\"font-family:Verdana;font-size:12px;\"><strong>Fonte: Eurostat.<\/strong><\/span> <\/p>\n<p style=\"text-align:center;\"><span style=\"font-family:Verdana;font-size:12px;\"><strong><br \/><\/strong><\/span><\/p>\n<p style=\"text-align:justify;\"><span style=\"font-family:Verdana;font-size:18px;\">Em abril de 2022, 2.600 milh\u00f5es de jovensestavam desempregados na UE (dos quais 2.122 milh\u00f5es na zona euro). Emcompara\u00e7\u00e3o ao m\u00eas anterior, o desemprego jovem teve uma diminui\u00e7\u00e3o de 6000 naUE e 1000. Em compara\u00e7\u00e3o a abril de 2021, o desemprego jovem teve umadiminui\u00e7\u00e3o de 685 mil na UE e 555 mil na zona euro.<\/span> <\/p>\n<p style=\"text-align:justify;\"><span style=\"font-family:Verdana;font-size:18px;\"><br \/><\/span><\/p>\n<p style=\"text-align:justify;\"><span style=\"font-family:Verdana;font-size:18px;\">Em Portugal, da taxa do desemprego jovem foide 19.9% em abril de 2022, com 66 mil jovens desempregados.<\/span> <\/p>\n<p style=\"text-align:justify;\"><span style=\"font-family:Verdana;font-size:18px;\"><br \/><\/span><\/p>\n<p style=\"text-align:center;\"><span style=\"font-family:Verdana;font-size:18px;\"><strong>Figura 4 \u2013 Taxas e Total do Desemprego dosJovens Menores de 25 anos da UE e da Zona Euro<\/strong><\/span> <\/p>\n<p style=\"text-align:center;\"><span style=\"font-family:Verdana;font-size:18px;\"><img loading=\"lazy\" decoding=\"async\" src=\"https:\/\/elementum.pt\/wp-content\/uploads\/2022\/08\/9_4-1.png\" width=\"831\" height=\"532\" alt=\"\" \/><br \/><\/span><\/p>\n<p style=\"text-align:center;\"><span style=\"font-family:Verdana;font-size:12px;\"><strong>Rates % (Taxas %); Number of Persons inThousands (N\u00famero de Pessoas em Milhares); Euro Area (Zona Euro); EU (Uni\u00e3oEuropeia &#8211; UE); : (Dados n\u00e3o Dispon\u00edveis); * (Dado do 4\u00ba Trimestre de 2021).<\/strong><\/span> <\/p>\n<p style=\"text-align:center;\"><span style=\"font-family:Verdana;font-size:12px;\"><strong>Nota: Os tr\u00eas \u00faltimos (Isl\u00e2ndia, Noruega eSu\u00ed\u00e7a) n\u00e3o fazem parte da UE.<\/strong><\/span> <\/p>\n<p style=\"text-align:center;\"><span style=\"font-family:Verdana;font-size:12px;\"><strong>Nota 2: B\u00e9lgica, Cro\u00e1cia, Chipre, Rom\u00e9nia eEslov\u00e9nia (Dados Trimestrais).<\/strong><\/span> <\/p>\n<p style=\"text-align:center;\"><span style=\"font-family:Verdana;font-size:12px;\"><strong>Fonte: Eurostat.<\/strong><\/span> <\/p>\n<p style=\"text-align:center;\"><span style=\"font-family:Verdana;font-size:12px;\"><strong><br \/><\/strong><\/span><\/p>\n<p style=\"text-align:justify;\"><span style=\"font-family:Verdana;font-size:18px;\">Em abril de 2022, a taxa de desemprego dasmulheres foi de 6.5% na UE (uma diminui\u00e7\u00e3o em compara\u00e7\u00e3o aos 6.6% do m\u00easanterior); a dos homens, 5.8% (uma diminui\u00e7\u00e3o em compara\u00e7\u00e3o aos 5.9% do m\u00easanterior). Na zona euro, a taxa de desemprego das mulheres foi de 7.2% em abrilde 2022 (est\u00e1vel em compara\u00e7\u00e3o ao m\u00eas anterior); a dos homens, 6.4% (umadiminui\u00e7\u00e3o em rela\u00e7\u00e3o aos 6.5% do m\u00eas anterior).<\/span> <\/p>\n<p style=\"text-align:justify;\"><span style=\"font-family:Verdana;font-size:18px;\"><br \/><\/span><\/p>\n<p style=\"text-align:justify;\"><span style=\"font-family:Verdana;font-size:18px;\">Em Portugal, a taxa de desemprego das mulheresfoi de 6.5% em abril de 2022 (est\u00e1vel em compara\u00e7\u00e3o ao dado atualizado do m\u00easanterior); a dos homens, 5.1% em abril de 2022 (uma diminui\u00e7\u00e3o em compara\u00e7\u00e3o aodado atualizado do m\u00eas anterior: 5%).<\/span> <\/p>\n<p style=\"text-align:justify;\"><span style=\"font-family:Verdana;font-size:18px;\"><br \/><\/span><\/p>\n<p style=\"text-align:center;\"><span style=\"font-family:Verdana;font-size:18px;\"><strong>Figura 5 \u2013 Taxa de Desemprego da Zona Euro eda UE, por Sexo<\/strong><\/span> <\/p>\n<p style=\"text-align:center;\"><span style=\"font-family:Verdana;font-size:18px;\"><img loading=\"lazy\" decoding=\"async\" src=\"https:\/\/elementum.pt\/wp-content\/uploads\/2022\/08\/9_5-1.png\" width=\"823\" height=\"513\" alt=\"\" \/><br \/><\/span><\/p>\n<p style=\"text-align:center;\"><span style=\"font-family:Verdana;font-size:12px;\"><strong>Males (Homens); Females (Mulheres); Euro Area(Zona Euro); EU (Uni\u00e3o Europeia &#8211; UE); : (Dados n\u00e3o Dispon\u00edveis).<\/strong><\/span> <\/p>\n<p style=\"text-align:center;\"><span style=\"font-family:Verdana;font-size:12px;\"><strong>Nota: Os tr\u00eas \u00faltimos (Isl\u00e2ndia, Noruega eSu\u00ed\u00e7a) n\u00e3o fazem parte da UE.<\/strong><\/span> <\/p>\n<p style=\"text-align:center;\"><span style=\"font-family:Verdana;font-size:12px;\"><strong>Fonte: Eurostat.<\/strong><\/span> <\/p>\n<p style=\"text-align:center;\"><span style=\"font-family:Verdana;font-size:12px;\"><strong><br \/><\/strong><\/span><\/p>\n<p style=\"text-align:center;\"><span style=\"font-family:Verdana;font-size:12px;\"><strong><br \/><\/strong><\/span><\/p>\n<p style=\"text-align:justify;\"><span style=\"font-family:Verdana;font-size:18px;\">Andr\u00e9 Marques<\/span> <\/p>\n","protected":false},"excerpt":{"rendered":"<p>Nota: \u00c9 importante destacar que as taxas dedesemprego divulgadas pelos gover<\/p>\n","protected":false},"author":4,"featured_media":242677,"comment_status":"open","ping_status":"open","sticky":false,"template":"","format":"standard","meta":{"inline_featured_image":false,"site-sidebar-layout":"default","site-content-layout":"","ast-site-content-layout":"","site-content-style":"default","site-sidebar-style":"default","ast-global-header-display":"","ast-banner-title-visibility":"","ast-main-header-display":"","ast-hfb-above-header-display":"","ast-hfb-below-header-display":"","ast-hfb-mobile-header-display":"","site-post-title":"","ast-breadcrumbs-content":"","ast-featured-img":"","footer-sml-layout":"","theme-transparent-header-meta":"","adv-header-id-meta":"","stick-header-meta":"","header-above-stick-meta":"","header-main-stick-meta":"","header-below-stick-meta":"","astra-migrate-meta-layouts":"default","ast-page-background-enabled":"default","ast-page-background-meta":{"desktop":{"background-color":"var(--ast-global-color-4)","background-image":"","background-repeat":"repeat","background-position":"center center","background-size":"auto","background-attachment":"scroll","background-type":"","background-media":"","overlay-type":"","overlay-color":"","overlay-opacity":"","overlay-gradient":""},"tablet":{"background-color":"","background-image":"","background-repeat":"repeat","background-position":"center center","background-size":"auto","background-attachment":"scroll","background-type":"","background-media":"","overlay-type":"","overlay-color":"","overlay-opacity":"","overlay-gradient":""},"mobile":{"background-color":"","background-image":"","background-repeat":"repeat","background-position":"center center","background-size":"auto","background-attachment":"scroll","background-type":"","background-media":"","overlay-type":"","overlay-color":"","overlay-opacity":"","overlay-gradient":""}},"ast-content-background-meta":{"desktop":{"background-color":"var(--ast-global-color-5)","background-image":"","background-repeat":"repeat","background-position":"center center","background-size":"auto","background-attachment":"scroll","background-type":"","background-media":"","overlay-type":"","overlay-color":"","overlay-opacity":"","overlay-gradient":""},"tablet":{"background-color":"var(--ast-global-color-5)","background-image":"","background-repeat":"repeat","background-position":"center center","background-size":"auto","background-attachment":"scroll","background-type":"","background-media":"","overlay-type":"","overlay-color":"","overlay-opacity":"","overlay-gradient":""},"mobile":{"background-color":"var(--ast-global-color-5)","background-image":"","background-repeat":"repeat","background-position":"center center","background-size":"auto","background-attachment":"scroll","background-type":"","background-media":"","overlay-type":"","overlay-color":"","overlay-opacity":"","overlay-gradient":""}},"footnotes":""},"categories":[1],"tags":[],"class_list":["post-242900","post","type-post","status-publish","format-standard","has-post-thumbnail","hentry","category-sem-categoria"],"_links":{"self":[{"href":"https:\/\/elementum.pt\/pt-pt\/wp-json\/wp\/v2\/posts\/242900","targetHints":{"allow":["GET"]}}],"collection":[{"href":"https:\/\/elementum.pt\/pt-pt\/wp-json\/wp\/v2\/posts"}],"about":[{"href":"https:\/\/elementum.pt\/pt-pt\/wp-json\/wp\/v2\/types\/post"}],"author":[{"embeddable":true,"href":"https:\/\/elementum.pt\/pt-pt\/wp-json\/wp\/v2\/users\/4"}],"replies":[{"embeddable":true,"href":"https:\/\/elementum.pt\/pt-pt\/wp-json\/wp\/v2\/comments?post=242900"}],"version-history":[{"count":0,"href":"https:\/\/elementum.pt\/pt-pt\/wp-json\/wp\/v2\/posts\/242900\/revisions"}],"wp:featuredmedia":[{"embeddable":true,"href":"https:\/\/elementum.pt\/pt-pt\/wp-json\/wp\/v2\/media\/242677"}],"wp:attachment":[{"href":"https:\/\/elementum.pt\/pt-pt\/wp-json\/wp\/v2\/media?parent=242900"}],"wp:term":[{"taxonomy":"category","embeddable":true,"href":"https:\/\/elementum.pt\/pt-pt\/wp-json\/wp\/v2\/categories?post=242900"},{"taxonomy":"post_tag","embeddable":true,"href":"https:\/\/elementum.pt\/pt-pt\/wp-json\/wp\/v2\/tags?post=242900"}],"curies":[{"name":"wp","href":"https:\/\/api.w.org\/{rel}","templated":true}]}}