{"id":242884,"date":"2022-05-26T16:06:03","date_gmt":"2022-05-26T15:06:03","guid":{"rendered":"https:\/\/elementum.pt\/2022\/05\/26\/endividamento-do-setor-nao-financeiro-em-portugal-aumentou-e-5-1-mil-milhoes-em-marco-de-2022\/"},"modified":"2022-08-01T12:30:45","modified_gmt":"2022-08-01T11:30:45","slug":"endividamento-do-setor-nao-financeiro-em-portugal-aumentou-e-5-1-mil-milhoes-em-marco-de-2022","status":"publish","type":"post","link":"https:\/\/elementum.pt\/pt-pt\/endividamento-do-setor-nao-financeiro-em-portugal-aumentou-e-5-1-mil-milhoes-em-marco-de-2022\/","title":{"rendered":"Endividamento do Setor n\u00e3o Financeiro em Portugal Aumentou \u20ac 5.1 Mil Milh\u00f5es em Mar\u00e7o de 2022"},"content":{"rendered":"<p style=\"text-align:center;\"><span><span style=\"font-family:Verdana;font-size:18px;\"><img fetchpriority=\"high\" decoding=\"async\" src=\"https:\/\/elementum.pt\/wp-content\/uploads\/2022\/08\/portugal-debt-1.jpg\" width=\"600\" height=\"250\" alt=\"\" \/><br \/><\/span><\/span><\/p>\n<p style=\"text-align:justify;\"><span><span style=\"font-family:Verdana;font-size:18px;\"><br \/><\/span><\/span><\/p>\n<p style=\"text-align:justify;\"><span><span style=\"font-family:Verdana;font-size:18px;\">O Banco de Portugal <a href=\"https:\/\/bpstat.bportugal.pt\/conteudos\/noticias\/1677\" target=\"_blank\" rel=\"noopener\">publicou<\/a>&nbsp;<\/span><span style=\"font-family:Verdana;font-size:18px;\">dados sobre o <a href=\"https:\/\/bpstat.bportugal.pt\/conteudos\/publicacoes\/1385\" target=\"_blank\" rel=\"noopener\">endividamento do setor n\u00e3ofinanceiro<\/a><\/span><span style=\"font-family:Verdana;font-size:18px;\">&nbsp;em Portugal, que, em mar\u00e7o de 2022,sofreu um aumento de \u20ac 5.1 mil milh\u00f5es em rela\u00e7\u00e3o a <a href=\"https:\/\/www.elementum.pt\/pt\/noticias\/endividamento-do-setor-nao-financeiro-em-portugal-aumentou-3-4-mil-milhoes-de-euros-em-fevereiro-de-2022\" target=\"_blank\" rel=\"noopener\">fevereiro de 2022<\/a><\/span><span style=\"font-family:Verdana;font-size:18px;\">, atingindo \u20ac 782.5 mil milh\u00f5es. O setor n\u00e3o financeiro engloba os setoresinstitucionais das administra\u00e7\u00f5es p\u00fablicas, empresas (sociedades n\u00e3ofinanceiras) e particulares (fam\u00edlias e institui\u00e7\u00f5es sem fim lucrativo aoservi\u00e7o das fam\u00edlias).<\/span><\/span><\/p>\n<p style=\"text-align:justify;\"><span><span style=\"font-family:Verdana;font-size:18px;\"><br \/><\/span><\/span><\/p>\n<p style=\"text-align:justify;\"><span style=\"font-family:Verdana;font-size:18px;\">O endividamento do setor p\u00fablico(administra\u00e7\u00f5es p\u00fablicas e empresas p\u00fablicas) teve m aumento de \u20ac 1.8 milmilh\u00f5es, atingindo \u20ac 350.6 mil milh\u00f5es. Este aumento resultou, sobretudo, docrescimento do endividamento perante o exterior em \u20ac 700 milh\u00f5es, enquanto oendividamento junto do setor financeiro e das administra\u00e7\u00f5es p\u00fablicas cresceu,cada um, \u20ac 600 milh\u00f5es.<\/span><\/p>\n<p style=\"text-align:justify;\"><span style=\"font-family:Verdana;font-size:18px;\"><br \/><\/span><\/p>\n<p style=\"text-align:justify;\"><span style=\"font-family:Verdana;font-size:18px;\">O endividamento do setor privado (empresasprivadas e particulares) aumentou sofreu um aumento de \u20ac 3.3 mil milh\u00f5es, atingindo\u20ac 431.8 mil milh\u00f5es. O endividamento das empresas privadas cresceu \u20ac 2.7 milmilh\u00f5es, sobretudo junto do exterior e do setor financeiro (\u20ac 1.5 e \u20ac 1.1 milmilh\u00f5es, respetivamente). O endividamento dos particulares aumentou \u20ac 600milh\u00f5es, principalmente junto do setor financeiro.<\/span><\/p>\n<p style=\"text-align:justify;\"><span style=\"font-family:Verdana;font-size:18px;\"><br \/><\/span><\/p>\n<p style=\"text-align:center;\"><span style=\"font-family:Verdana;font-size:18px;\"><strong>Figura 1 \u2013 Endividamento do Setor n\u00e3oFinanceiro por Setor Devedor, em Milh\u00f5es de Euros (MAR 2021 &#8211; MAR 2022)<\/strong><\/span><\/p>\n<p style=\"text-align:center;\"><span style=\"font-family:Verdana;font-size:18px;\"><img decoding=\"async\" src=\"https:\/\/elementum.pt\/wp-content\/uploads\/2022\/08\/16_1-1.png\" width=\"900\" height=\"400\" alt=\"\" \/><br \/><\/span><\/p>\n<p style=\"text-align:center;\"><span style=\"font-family:Verdana;font-size:12px;\"><strong>Fonte: Banco de Portugal.<\/strong><\/span><\/p>\n<p style=\"text-align:center;\"><span style=\"font-family:Verdana;font-size:12px;\"><strong><br \/><\/strong><\/span><\/p>\n<p style=\"text-align:justify;\"><span style=\"font-family:Verdana;font-size:18px;\">Em mar\u00e7o, o endividamento das empresasprivadas teve um aumento de 5% em rela\u00e7\u00e3o a mar\u00e7o de 2021, o que correspondeu auma acelera\u00e7\u00e3o de 0.7% em rela\u00e7\u00e3o ao m\u00eas anterior.<\/span><\/p>\n<p style=\"text-align:justify;\"><span style=\"font-family:Verdana;font-size:18px;\"><br \/><\/span><\/p>\n<p style=\"text-align:center;\"><span style=\"font-family:Verdana;font-size:18px;\"><strong>Figura 2 \u2013 Taxa de Varia\u00e7\u00e3o Anual doEndividamento das Empresas Privadas (2017-2022)<\/strong><\/span><\/p>\n<p style=\"text-align:center;\"><span style=\"font-family:Verdana;font-size:18px;\"><img decoding=\"async\" src=\"https:\/\/elementum.pt\/wp-content\/uploads\/2022\/08\/16_2-1.png\" width=\"900\" height=\"400\" alt=\"\" \/><br \/><\/span><\/p>\n<p style=\"text-align:center;\"><span style=\"font-family:Verdana;font-size:12px;\"><strong>Fonte: Banco de Portugal.<\/strong><\/span><\/p>\n<p style=\"text-align:center;\"><span style=\"font-family:Verdana;font-size:12px;\"><strong><br \/><\/strong><\/span><\/p>\n<p style=\"text-align:justify;\"><span style=\"font-family:Verdana;font-size:18px;\">O endividamento dos particulares sofreu umaumento de 3.9% em mar\u00e7o de 2022 em rela\u00e7\u00e3o a mar\u00e7o de 2021 e um aumento de 0.2%em mar\u00e7o de 2022 em rela\u00e7\u00e3o a fevereiro de 2022.<\/span><\/p>\n<p style=\"text-align:justify;\"><span style=\"font-family:Verdana;font-size:18px;\"><br \/><\/span><\/p>\n<p style=\"text-align:center;\"><span style=\"font-family:Verdana;font-size:18px;\"><strong>Figura 3 \u2013 Taxa de Varia\u00e7\u00e3o Anual doEndividamento dos Particulares (2017-2022)<\/strong><\/span><\/p>\n<p style=\"text-align:center;\"><span style=\"font-family:Verdana;font-size:18px;\"><img loading=\"lazy\" decoding=\"async\" src=\"https:\/\/elementum.pt\/wp-content\/uploads\/2022\/08\/13_3-1.png\" width=\"900\" height=\"400\" alt=\"\" \/><br \/><\/span><\/p>\n<p style=\"text-align:center;\"><span style=\"font-family:Verdana;font-size:12px;\"><strong>Fonte: Banco de Portugal.<\/strong><\/span><\/p>\n<p style=\"text-align:center;\"><span style=\"font-family:Verdana;font-size:12px;\"><strong><br \/><\/strong><\/span><\/p>\n<p style=\"text-align:center;\"><span style=\"font-family:Verdana;font-size:12px;\"><strong><br \/><\/strong><\/span><\/p>\n<p style=\"text-align:justify;\"><span style=\"font-family:Verdana;font-size:18px;\">Andr\u00e9 Marques<\/span><\/p>\n","protected":false},"excerpt":{"rendered":"<p>O Banco de Portugal publicou&nbsp;dados sobre o endividamento do setor n\u00e3ofi<\/p>\n","protected":false},"author":4,"featured_media":242665,"comment_status":"open","ping_status":"open","sticky":false,"template":"","format":"standard","meta":{"inline_featured_image":false,"site-sidebar-layout":"default","site-content-layout":"","ast-site-content-layout":"","site-content-style":"default","site-sidebar-style":"default","ast-global-header-display":"","ast-banner-title-visibility":"","ast-main-header-display":"","ast-hfb-above-header-display":"","ast-hfb-below-header-display":"","ast-hfb-mobile-header-display":"","site-post-title":"","ast-breadcrumbs-content":"","ast-featured-img":"","footer-sml-layout":"","theme-transparent-header-meta":"","adv-header-id-meta":"","stick-header-meta":"","header-above-stick-meta":"","header-main-stick-meta":"","header-below-stick-meta":"","astra-migrate-meta-layouts":"default","ast-page-background-enabled":"default","ast-page-background-meta":{"desktop":{"background-color":"var(--ast-global-color-4)","background-image":"","background-repeat":"repeat","background-position":"center center","background-size":"auto","background-attachment":"scroll","background-type":"","background-media":"","overlay-type":"","overlay-color":"","overlay-opacity":"","overlay-gradient":""},"tablet":{"background-color":"","background-image":"","background-repeat":"repeat","background-position":"center center","background-size":"auto","background-attachment":"scroll","background-type":"","background-media":"","overlay-type":"","overlay-color":"","overlay-opacity":"","overlay-gradient":""},"mobile":{"background-color":"","background-image":"","background-repeat":"repeat","background-position":"center center","background-size":"auto","background-attachment":"scroll","background-type":"","background-media":"","overlay-type":"","overlay-color":"","overlay-opacity":"","overlay-gradient":""}},"ast-content-background-meta":{"desktop":{"background-color":"var(--ast-global-color-5)","background-image":"","background-repeat":"repeat","background-position":"center center","background-size":"auto","background-attachment":"scroll","background-type":"","background-media":"","overlay-type":"","overlay-color":"","overlay-opacity":"","overlay-gradient":""},"tablet":{"background-color":"var(--ast-global-color-5)","background-image":"","background-repeat":"repeat","background-position":"center center","background-size":"auto","background-attachment":"scroll","background-type":"","background-media":"","overlay-type":"","overlay-color":"","overlay-opacity":"","overlay-gradient":""},"mobile":{"background-color":"var(--ast-global-color-5)","background-image":"","background-repeat":"repeat","background-position":"center center","background-size":"auto","background-attachment":"scroll","background-type":"","background-media":"","overlay-type":"","overlay-color":"","overlay-opacity":"","overlay-gradient":""}},"footnotes":""},"categories":[1],"tags":[],"class_list":["post-242884","post","type-post","status-publish","format-standard","has-post-thumbnail","hentry","category-sem-categoria"],"_links":{"self":[{"href":"https:\/\/elementum.pt\/pt-pt\/wp-json\/wp\/v2\/posts\/242884","targetHints":{"allow":["GET"]}}],"collection":[{"href":"https:\/\/elementum.pt\/pt-pt\/wp-json\/wp\/v2\/posts"}],"about":[{"href":"https:\/\/elementum.pt\/pt-pt\/wp-json\/wp\/v2\/types\/post"}],"author":[{"embeddable":true,"href":"https:\/\/elementum.pt\/pt-pt\/wp-json\/wp\/v2\/users\/4"}],"replies":[{"embeddable":true,"href":"https:\/\/elementum.pt\/pt-pt\/wp-json\/wp\/v2\/comments?post=242884"}],"version-history":[{"count":0,"href":"https:\/\/elementum.pt\/pt-pt\/wp-json\/wp\/v2\/posts\/242884\/revisions"}],"wp:featuredmedia":[{"embeddable":true,"href":"https:\/\/elementum.pt\/pt-pt\/wp-json\/wp\/v2\/media\/242665"}],"wp:attachment":[{"href":"https:\/\/elementum.pt\/pt-pt\/wp-json\/wp\/v2\/media?parent=242884"}],"wp:term":[{"taxonomy":"category","embeddable":true,"href":"https:\/\/elementum.pt\/pt-pt\/wp-json\/wp\/v2\/categories?post=242884"},{"taxonomy":"post_tag","embeddable":true,"href":"https:\/\/elementum.pt\/pt-pt\/wp-json\/wp\/v2\/tags?post=242884"}],"curies":[{"name":"wp","href":"https:\/\/api.w.org\/{rel}","templated":true}]}}