{"id":242798,"date":"2022-05-03T10:28:46","date_gmt":"2022-05-03T09:28:46","guid":{"rendered":"https:\/\/elementum.pt\/2022\/05\/03\/bce-deve-olhar-para-as-taxas-de-juro-a-partir-do-inicio-do-3-trimestre\/"},"modified":"2022-08-01T12:30:53","modified_gmt":"2022-08-01T11:30:53","slug":"bce-deve-olhar-para-as-taxas-de-juro-a-partir-do-inicio-do-3-trimestre","status":"publish","type":"post","link":"https:\/\/elementum.pt\/pt-pt\/bce-deve-olhar-para-as-taxas-de-juro-a-partir-do-inicio-do-3-trimestre\/","title":{"rendered":"BCE Deve &#8220;Olhar para as Taxas de Juro&#8221; a Partir do In\u00edcio do 3\u00ba Trimestre"},"content":{"rendered":"<p style=\"text-align:center;\"><span><span style=\"font-family:Verdana;font-size:18px;\"><img fetchpriority=\"high\" decoding=\"async\" src=\"https:\/\/elementum.pt\/wp-content\/uploads\/2022\/08\/ecb-p-1.jpg\" width=\"600\" height=\"250\" alt=\"\" \/><br \/><\/span><\/span><\/p>\n<p style=\"text-align:justify;\"><span style=\"font-family:Verdana;font-size:18px;\"><br \/><\/span><\/p>\n<p style=\"text-align:justify;\"><span style=\"font-family:Verdana;font-size:18px;\">A taxa de infla\u00e7\u00e3o anual da zona euro atingiu <a href=\"https:\/\/www.elementum.pt\/pt\/noticias\/taxa-de-inflacao-anual-da-zona-euro-atingiu-7-4-em-marco-de-2022\" target=\"_blank\" rel=\"noopener\">7.4%em mar\u00e7o de 2022<\/a> <\/span><span style=\"font-family:Verdana;font-size:18px;\">e estimativa para abril <a href=\"https:\/\/ec.europa.eu\/eurostat\/documents\/2995521\/14497757\/2-29042022-AP-EN.pdf\/664dc8bd-4460-46f6-69ea-04c1763abd28\" target=\"_blank\" rel=\"noopener\">\u00e9 de 7.5%<\/a><\/span><span style=\"font-family:Verdana;font-size:18px;\">. J\u00e1 os pre\u00e7os ao produtor industrial da zona euro tiveram um <a href=\"https:\/\/ec.europa.eu\/eurostat\/documents\/2995521\/14613687\/4-03052022-BP-EN.pdf\/3c7d85b8-2893-f4af-0535-cde75b19129b\" target=\"_blank\" rel=\"noopener\">aumento de 5.3%apenas em mar\u00e7o de 2022<\/a><\/span><span style=\"font-family:Verdana;font-size:18px;\">. Estes seriam grandes motivos pelos quais o BCE (Banco Central Europeu) deveparar com a pol\u00edtica monet\u00e1ria inflacionista.<\/span><\/p>\n<p style=\"text-align:justify;\"><span><span style=\"font-family:Verdana;font-size:18px;\"><br \/><\/span><\/span><\/p>\n<p style=\"text-align:justify;\"><span><span style=\"font-family:Verdana;font-size:18px;\">Recentemente, a presidente do BCE, ChristineLagarde, <a href=\"https:\/\/eco.sapo.pt\/2022\/04\/25\/bce-vai-olhar-para-as-taxas-de-juro-a-partir-de-julho\/\" target=\"_blank\" rel=\"noopener\">afirmou<\/a>&nbsp;<\/span><span style=\"font-family:Verdana;font-size:18px;\">que prev\u00ea que a institui\u00e7\u00e3o encerre oprograma de compras de ativos no in\u00edcio do 3\u00ba trimestre (assim como <a href=\"https:\/\/www.elementum.pt\/pt\/noticias\/bce-mantem-juros-inalterados-e-continua-com-o-programa-de-a\" target=\"_blank\" rel=\"noopener\">comunicadopelo BCE em mar\u00e7o<\/a><\/span><span style=\"font-family:Verdana;font-size:18px;\">).Lagarde tamb\u00e9m afirmou que, nessa altura, o BCE ir\u00e1 \u201colhar para as taxas dejuro\u201d e ver quando as aumentar\u00e1. E afirmou tamb\u00e9m que h\u00e1 \u201cuma forteprobabilidade\u201d de a institui\u00e7\u00e3o aumentar as taxas de juro at\u00e9 ao fim do ano, sea taxa de infla\u00e7\u00e3o continuar elevada.<\/span><\/span><\/p>\n<p style=\"text-align:justify;\"><span><span style=\"font-family:Verdana;font-size:18px;\"><br \/><\/span><\/span><\/p>\n<p style=\"text-align:justify;\"><span><span style=\"font-family:Verdana;font-size:18px;\">Em 22 de abril, o balan\u00e7o do BCE estavapr\u00f3ximo dos \u20ac 8.8 trilh\u00f5es. E, como mencionei <a href=\"https:\/\/www.elementum.pt\/pt\/noticias\/as-taxas-de-juro-reais-e-o-ouro\" target=\"_blank\" rel=\"noopener\">aqui<\/a><\/span><span style=\"font-family:Verdana;font-size:18px;\">, o BCE n\u00e3o pode aumentar as taxas de juro sem gerar complica\u00e7\u00f5es na economiareal e no mercado financeiro. Desde 2015, o BCE n\u00e3o diminuiu seu balan\u00e7o. E,desde 2014, mant\u00e9m as taxas de juro muito pr\u00f3ximas a 0% (e abaixo de 0%, nocaso do Deposit Facility Rate).<\/span><\/span><\/p>\n<p style=\"text-align:justify;\"><span><span style=\"font-family:Verdana;font-size:18px;\"><br \/><\/span><\/span><\/p>\n<p style=\"text-align:center;\"><span style=\"font-family:Verdana;font-size:18px;\"><strong>Figura 1 \u2013 Taxas de Juro da Zona Euro eBalan\u00e7o do BCE (2012-2022)<\/strong><\/span><\/p>\n<p style=\"text-align:center;\"><span style=\"font-family:Verdana;font-size:18px;\"><img decoding=\"async\" src=\"https:\/\/elementum.pt\/wp-content\/uploads\/2022\/08\/27_1-1.png\" width=\"800\" height=\"350\" alt=\"\" \/><br \/><\/span><\/p>\n<p style=\"text-align:center;\"><span style=\"font-family:Verdana;font-size:12px;\"><strong>Main Refinancing Operations Rate (LinhaVermelha, Eixo da Esquerda); Marginal Lending Facility Rate (Linha Verde, Eixoda Esquerda); Deposit Facility Rate (Linha Amarela, Eixo da Esquerda); Balan\u00e7odo BCE (Linha Roxa, Eixo da Direita).<\/strong><\/span><\/p>\n<p style=\"text-align:center;\"><span style=\"font-family:Verdana;font-size:12px;\"><strong>Fonte: St. Louis Fed \u2013 Elabora\u00e7\u00e3o Pr\u00f3pria.<\/strong><\/span><\/p>\n<p style=\"text-align:center;\"><span style=\"font-family:Verdana;font-size:12px;\"><strong><br \/><\/strong><\/span><\/p>\n<p style=\"text-align:justify;\"><span><span style=\"font-family:Verdana;font-size:18px;\">Assim <a href=\"https:\/\/mises.org\/wire\/fed-trapped-it-has-no-room-taper-or-raise-rates\" target=\"_blank\" rel=\"noopener\">como o banco central dos EUA<\/a>&nbsp;<\/span><span style=\"font-family:Verdana;font-size:18px;\">(Federal Reserve &#8211; Fed), o BCE n\u00e3o possuimuito espa\u00e7o para aumentar os juros sem provocar grandes complica\u00e7\u00f5es nomercado financeiro e na economia real. Al\u00e9m disto, a aquisi\u00e7\u00e3o de ativos(nomeadamente t\u00edtulos de d\u00edvida de governos da zona euro) por parte do BCE \u00e9 oque mant\u00e9m os juros dos mesmos artificialmente baixos, e, portanto, mantendoartificialmente baixos os custos de financiamento dos <a href=\"https:\/\/www.elementum.pt\/pt\/noticias\/defice-orcamentario-da-zona-euro-diminuiu-para-3-6-do-pib-no-4-trimestre-de-2021\" target=\"_blank\" rel=\"noopener\">d\u00e9fices or\u00e7ament\u00e1rios<\/a><\/span><span style=\"font-family:Verdana;font-size:18px;\">&nbsp;destes governos.<\/span><\/span><\/p>\n<p style=\"text-align:justify;\"><span><span style=\"font-family:Verdana;font-size:18px;\"><br \/><\/span><\/span><\/p>\n<p style=\"text-align:justify;\"><span><span style=\"font-family:Verdana;font-size:18px;\">Como mencionei <a href=\"https:\/\/mises.org\/wire\/european-central-bank-trapped-fed\" target=\"_blank\" rel=\"noopener\">aqui<\/a><\/span><span style=\"font-family:Verdana;font-size:18px;\">, o BCE n\u00e3o possui muito espa\u00e7o para aumentar juros e encerrar as suasaquisi\u00e7\u00f5es mensais de t\u00edtulos de d\u00edvida dos governos da zona euro (a n\u00e3o serque estes governos diminuam significativamente seus gastos e endividamento). Pa\u00edsescomo Portugal, Espanha, It\u00e1lia e Gr\u00e9cia, que possuem um endividamento maior egovernos mais perdul\u00e1rios, s\u00e3o muito dependentes deste <a href=\"https:\/\/www.elementum.pt\/pt\/noticias\/o-risco-moral-do-euro\" target=\"_blank\" rel=\"noopener\">mecanismo presente nazona euro<\/a><\/span><span style=\"font-family:Verdana;font-size:18px;\">, que n\u00e3o gera incentivos para que os governos mais endividados diminuam osseus gastos e seu endividamento o suficiente para que os juros de seus t\u00edtulosbaixem sem a interven\u00e7\u00e3o do BCE. Na melhor das hip\u00f3teses, em geral, os governosdiminuem o seu endividamento de maneira muito gradual (como fez Portugal entre <a href=\"https:\/\/blogger.googleusercontent.com\/img\/a\/AVvXsEgL47bonNlOsxL0FkGU4L8vrvwU0LZNtIbRNI5QK2Hy25gth6QmC5fm2FmzLddM5YRD1XttINt7Tg8ZKbedDNOWo-RAV11lacVn-69Jby1UQ0kIrppxE2Ay2_3m9vU6Pg9snxEaenrQha9RXw8wkTo401iXWA-9BanRMdcbKNjO1PoBxkdxyUK6CkkfGw=s730\" target=\"_blank\" rel=\"noopener\">2016 e 2019<\/a><\/span><span style=\"font-family:Verdana;font-size:18px;\">, e em <a href=\"https:\/\/blogger.googleusercontent.com\/img\/a\/AVvXsEinZ0s2pEy5CFcQvSnFHNcWx09ocSdlJOPvBvECbIaDkyq-2oSJHvDLWoAcKvEXL1AOWj9JUEq7sDt7YI2_rIXhORyQMYd66IEysPXnFaIPtPJLRPb8LgGWpYgIiurtIMlxqsIZ3BvApQC4jDYXfiKo1SoOkDwejEtjwdKB-FiDkblvVihYCEzqQfns5w=s827\" target=\"_blank\" rel=\"noopener\">2021<\/a><\/span><span style=\"font-family:Verdana;font-size:18px;\">, ap\u00f3s um aumento significativo em 2020).<\/span><\/span><\/p>\n<p style=\"text-align:justify;\"><span><span style=\"font-family:Verdana;font-size:18px;\"><br \/><\/span><\/span><\/p>\n<p style=\"text-align:justify;\"><span><span style=\"font-family:Verdana;font-size:18px;\"><br \/><\/span><\/span><\/p>\n<p style=\"text-align:justify;\"><span style=\"font-family:Verdana;font-size:18px;\">Andr\u00e9 Marques<\/span><\/p>\n","protected":false},"excerpt":{"rendered":"<p>A taxa de infla\u00e7\u00e3o anual da zona euro atingiu 7.4%em mar\u00e7o de 2022 e estim<\/p>\n","protected":false},"author":4,"featured_media":242636,"comment_status":"open","ping_status":"open","sticky":false,"template":"","format":"standard","meta":{"inline_featured_image":false,"site-sidebar-layout":"default","site-content-layout":"","ast-site-content-layout":"","site-content-style":"default","site-sidebar-style":"default","ast-global-header-display":"","ast-banner-title-visibility":"","ast-main-header-display":"","ast-hfb-above-header-display":"","ast-hfb-below-header-display":"","ast-hfb-mobile-header-display":"","site-post-title":"","ast-breadcrumbs-content":"","ast-featured-img":"","footer-sml-layout":"","theme-transparent-header-meta":"","adv-header-id-meta":"","stick-header-meta":"","header-above-stick-meta":"","header-main-stick-meta":"","header-below-stick-meta":"","astra-migrate-meta-layouts":"default","ast-page-background-enabled":"default","ast-page-background-meta":{"desktop":{"background-color":"var(--ast-global-color-4)","background-image":"","background-repeat":"repeat","background-position":"center center","background-size":"auto","background-attachment":"scroll","background-type":"","background-media":"","overlay-type":"","overlay-color":"","overlay-opacity":"","overlay-gradient":""},"tablet":{"background-color":"","background-image":"","background-repeat":"repeat","background-position":"center center","background-size":"auto","background-attachment":"scroll","background-type":"","background-media":"","overlay-type":"","overlay-color":"","overlay-opacity":"","overlay-gradient":""},"mobile":{"background-color":"","background-image":"","background-repeat":"repeat","background-position":"center center","background-size":"auto","background-attachment":"scroll","background-type":"","background-media":"","overlay-type":"","overlay-color":"","overlay-opacity":"","overlay-gradient":""}},"ast-content-background-meta":{"desktop":{"background-color":"var(--ast-global-color-5)","background-image":"","background-repeat":"repeat","background-position":"center center","background-size":"auto","background-attachment":"scroll","background-type":"","background-media":"","overlay-type":"","overlay-color":"","overlay-opacity":"","overlay-gradient":""},"tablet":{"background-color":"var(--ast-global-color-5)","background-image":"","background-repeat":"repeat","background-position":"center center","background-size":"auto","background-attachment":"scroll","background-type":"","background-media":"","overlay-type":"","overlay-color":"","overlay-opacity":"","overlay-gradient":""},"mobile":{"background-color":"var(--ast-global-color-5)","background-image":"","background-repeat":"repeat","background-position":"center center","background-size":"auto","background-attachment":"scroll","background-type":"","background-media":"","overlay-type":"","overlay-color":"","overlay-opacity":"","overlay-gradient":""}},"footnotes":""},"categories":[1],"tags":[],"class_list":["post-242798","post","type-post","status-publish","format-standard","has-post-thumbnail","hentry","category-sem-categoria"],"_links":{"self":[{"href":"https:\/\/elementum.pt\/pt-pt\/wp-json\/wp\/v2\/posts\/242798","targetHints":{"allow":["GET"]}}],"collection":[{"href":"https:\/\/elementum.pt\/pt-pt\/wp-json\/wp\/v2\/posts"}],"about":[{"href":"https:\/\/elementum.pt\/pt-pt\/wp-json\/wp\/v2\/types\/post"}],"author":[{"embeddable":true,"href":"https:\/\/elementum.pt\/pt-pt\/wp-json\/wp\/v2\/users\/4"}],"replies":[{"embeddable":true,"href":"https:\/\/elementum.pt\/pt-pt\/wp-json\/wp\/v2\/comments?post=242798"}],"version-history":[{"count":0,"href":"https:\/\/elementum.pt\/pt-pt\/wp-json\/wp\/v2\/posts\/242798\/revisions"}],"wp:featuredmedia":[{"embeddable":true,"href":"https:\/\/elementum.pt\/pt-pt\/wp-json\/wp\/v2\/media\/242636"}],"wp:attachment":[{"href":"https:\/\/elementum.pt\/pt-pt\/wp-json\/wp\/v2\/media?parent=242798"}],"wp:term":[{"taxonomy":"category","embeddable":true,"href":"https:\/\/elementum.pt\/pt-pt\/wp-json\/wp\/v2\/categories?post=242798"},{"taxonomy":"post_tag","embeddable":true,"href":"https:\/\/elementum.pt\/pt-pt\/wp-json\/wp\/v2\/tags?post=242798"}],"curies":[{"name":"wp","href":"https:\/\/api.w.org\/{rel}","templated":true}]}}