{"id":242789,"date":"2022-04-28T12:18:20","date_gmt":"2022-04-28T11:18:20","guid":{"rendered":"https:\/\/elementum.pt\/2022\/04\/28\/endividamento-do-setor-nao-financeiro-em-portugal-aumentou-3-4-mil-milhoes-de-euros-em-fevereiro-de-2022\/"},"modified":"2022-08-01T12:30:53","modified_gmt":"2022-08-01T11:30:53","slug":"endividamento-do-setor-nao-financeiro-em-portugal-aumentou-3-4-mil-milhoes-de-euros-em-fevereiro-de-2022","status":"publish","type":"post","link":"https:\/\/elementum.pt\/pt-pt\/endividamento-do-setor-nao-financeiro-em-portugal-aumentou-3-4-mil-milhoes-de-euros-em-fevereiro-de-2022\/","title":{"rendered":"Endividamento do Setor n\u00e3o Financeiro em Portugal Aumentou 3.4 Mil Milh\u00f5es de Euros em Fevereiro de 2022"},"content":{"rendered":"<p style=\"text-align:center;\"><span><span style=\"font-family:Verdana;font-size:18px;\"><img fetchpriority=\"high\" decoding=\"async\" src=\"https:\/\/elementum.pt\/wp-content\/uploads\/2022\/08\/portugal-debt-1.jpg\" width=\"600\" height=\"250\" alt=\"\" \/><br \/><\/span><\/span> <\/p>\n<p style=\"text-align:justify;\"><span style=\"font-family:Verdana;font-size:18px;\"><br \/><\/span> <\/p>\n<p style=\"text-align:justify;\"><span style=\"font-family:Verdana;font-size:18px;\">O Banco de Portugal <a href=\"https:\/\/bpstat.bportugal.pt\/conteudos\/noticias\/1659\/\" target=\"_blank\" rel=\"noopener\">publicou<\/a>&nbsp;<\/span><span style=\"font-family:Verdana;font-size:18px;\">dados sobre o <a href=\"https:\/\/bpstat.bportugal.pt\/conteudos\/publicacoes\/1385\" target=\"_blank\" rel=\"noopener\">endividamento do setor n\u00e3ofinanceiro<\/a><\/span><span style=\"font-family:Verdana;font-size:18px;\">&nbsp;em Portugal, que, em fevereiro de 2022, sofreuum aumento de 3.4 mil milh\u00f5es de euros em rela\u00e7\u00e3o a <a href=\"https:\/\/www.elementum.pt\/pt\/noticias\/endividamento-do-setor-nao-financeiro-em-portugal-aumentou-3-2-mil-milhoes-de-euros-em-janeiro-de-2022\" target=\"_blank\" rel=\"noopener\">janeiro de 2022<\/a><\/span><span style=\"font-family:Verdana;font-size:18px;\">, atingindo 777.4 mil milh\u00f5es de euros. O setor n\u00e3o financeiro engloba ossetores institucionais das administra\u00e7\u00f5es p\u00fablicas, empresas (sociedades n\u00e3ofinanceiras) e particulares (fam\u00edlias e institui\u00e7\u00f5es sem fim lucrativo aoservi\u00e7o das fam\u00edlias).<\/span> <\/p>\n<p style=\"text-align:justify;\"><span><span style=\"font-family:Verdana;font-size:18px;\"><br \/><\/span><\/span> <\/p>\n<p style=\"text-align:justify;\"><span><span style=\"font-family:Verdana;font-size:18px;\">O endividamento do setor p\u00fablico(administra\u00e7\u00f5es p\u00fablicas e empresas p\u00fablicas) aumentou 2.9 mil milh\u00f5es deeuros, atingindo 348.8 mil milh\u00f5es de euros. Destaca-se o crescimento doendividamento perante o exterior e o setor financeiro (1.3 e 1.4 mil milh\u00f5es deeuros, respetivamente).<\/span><u><\/u><\/span> <\/p>\n<p style=\"text-align:justify;\"><span><span style=\"font-family:Verdana;font-size:18px;\"><br \/><\/span><\/span> <\/p>\n<p style=\"text-align:justify;\"><span style=\"font-family:Verdana;font-size:18px;\">O endividamento do setor privado (particularese empresas privadas) aumentou 600 milh\u00f5es de euros (200 e 400 milh\u00f5es de euros,para as empresas privadas e para os particulares, respetivamente), atingindo 428.6mil milh\u00f5es de euros. O aumento do endividamento foi sobretudo junto ao setorfinanceiro.<\/span> <\/p>\n<p style=\"text-align:justify;\"><span style=\"font-family:Verdana;font-size:18px;\"><br \/><\/span> <\/p>\n<p style=\"text-align:center;\"><span style=\"font-family:Verdana;font-size:18px;\"><strong>Figura 1 \u2013 Endividamento do Setor n\u00e3oFinanceiro por Setor Devedor, em Milh\u00f5es de Euros (FEV 2021 &#8211; FEV 2022)<\/strong><\/span> <\/p>\n<p style=\"text-align:center;\"><span style=\"font-family:Verdana;font-size:18px;\"><img decoding=\"async\" src=\"https:\/\/elementum.pt\/wp-content\/uploads\/2022\/08\/29_1-1.png\" width=\"900\" height=\"400\" alt=\"\" \/><br \/><\/span> <\/p>\n<p style=\"text-align:center;\"><span style=\"font-family:Verdana;font-size:12px;\"><strong>Fonte: Banco de Portugal.<\/strong><\/span> <\/p>\n<p style=\"text-align:center;\"><span style=\"font-family:Verdana;font-size:12px;\"><strong><br \/><\/strong><\/span> <\/p>\n<p style=\"text-align:justify;\"><span style=\"font-family:Verdana;font-size:18px;\">Em fevereiro de 2022, o endividamento dasempresas privadas aumentou 4.3% em rela\u00e7\u00e3o a fevereiro de 2021, o quecorrespondeu a uma desacelera\u00e7\u00e3o de 0.5% em rela\u00e7\u00e3o ao m\u00eas anterior.<\/span> <\/p>\n<p style=\"text-align:justify;\"><span style=\"font-family:Verdana;font-size:18px;\"><br \/><\/span> <\/p>\n<p style=\"text-align:center;\"><span style=\"font-family:Verdana;font-size:18px;\"><strong>Figura 2 \u2013 Taxa de Varia\u00e7\u00e3o Anual doEndividamento das Empresas Privadas (2017-2022)<\/strong><\/span> <\/p>\n<p style=\"text-align:center;\"><span style=\"font-family:Verdana;font-size:18px;\"><img decoding=\"async\" src=\"https:\/\/elementum.pt\/wp-content\/uploads\/2022\/08\/24_2-1.png\" width=\"900\" height=\"400\" alt=\"\" \/><br \/><\/span> <\/p>\n<p style=\"text-align:center;\"><span style=\"font-family:Verdana;font-size:12px;\"><strong>Fonte: Banco de Portugal.<\/strong><\/span> <\/p>\n<p style=\"text-align:center;\"><span style=\"font-family:Verdana;font-size:12px;\"><strong><br \/><\/strong><\/span> <\/p>\n<p style=\"text-align:justify;\"><span style=\"font-family:Verdana;font-size:18px;\">Por sua vez, o endividamento dos particularessofreu um aumento de 3.7% em fevereiro de 2022 em rela\u00e7\u00e3o a fevereiro de 2021 eum aumento de 0.3% em fevereiro de 2022 em rela\u00e7\u00e3o a janeiro de 2022.<\/span> <\/p>\n<p style=\"text-align:justify;\"><span style=\"font-family:Verdana;font-size:18px;\"><br \/><\/span> <\/p>\n<p style=\"text-align:center;\"><span style=\"font-family:Verdana;font-size:18px;\"><strong>Figura 3 \u2013 Taxa de Varia\u00e7\u00e3o Anual doEndividamento dos Particulares (2017-2022)<\/strong><\/span> <\/p>\n<p style=\"text-align:center;\"><span style=\"font-family:Verdana;font-size:18px;\"><img loading=\"lazy\" decoding=\"async\" src=\"https:\/\/elementum.pt\/wp-content\/uploads\/2022\/08\/21_3-1.png\" width=\"900\" height=\"400\" alt=\"\" \/><br \/><\/span> <\/p>\n<p style=\"text-align:center;\"><span style=\"font-family:Verdana;font-size:12px;\"><strong>Fonte: Banco de Portugal.<\/strong><\/span> <\/p>\n<p style=\"text-align:center;\"><span style=\"font-family:Verdana;font-size:12px;\"><strong><br \/><\/strong><\/span> <\/p>\n<p style=\"text-align:center;\"><span style=\"font-family:Verdana;font-size:12px;\"><strong><br \/><\/strong><\/span> <\/p>\n<p style=\"text-align:justify;\"><span style=\"font-family:Verdana;font-size:18px;\">Andr\u00e9 Marques<\/span> <\/p>\n","protected":false},"excerpt":{"rendered":"<p>O Banco de Portugal publicou&nbsp;dados sobre o endividamento do setor n\u00e3o<\/p>\n","protected":false},"author":4,"featured_media":242665,"comment_status":"open","ping_status":"open","sticky":false,"template":"","format":"standard","meta":{"inline_featured_image":false,"site-sidebar-layout":"default","site-content-layout":"","ast-site-content-layout":"","site-content-style":"default","site-sidebar-style":"default","ast-global-header-display":"","ast-banner-title-visibility":"","ast-main-header-display":"","ast-hfb-above-header-display":"","ast-hfb-below-header-display":"","ast-hfb-mobile-header-display":"","site-post-title":"","ast-breadcrumbs-content":"","ast-featured-img":"","footer-sml-layout":"","theme-transparent-header-meta":"","adv-header-id-meta":"","stick-header-meta":"","header-above-stick-meta":"","header-main-stick-meta":"","header-below-stick-meta":"","astra-migrate-meta-layouts":"default","ast-page-background-enabled":"default","ast-page-background-meta":{"desktop":{"background-color":"var(--ast-global-color-4)","background-image":"","background-repeat":"repeat","background-position":"center center","background-size":"auto","background-attachment":"scroll","background-type":"","background-media":"","overlay-type":"","overlay-color":"","overlay-opacity":"","overlay-gradient":""},"tablet":{"background-color":"","background-image":"","background-repeat":"repeat","background-position":"center center","background-size":"auto","background-attachment":"scroll","background-type":"","background-media":"","overlay-type":"","overlay-color":"","overlay-opacity":"","overlay-gradient":""},"mobile":{"background-color":"","background-image":"","background-repeat":"repeat","background-position":"center center","background-size":"auto","background-attachment":"scroll","background-type":"","background-media":"","overlay-type":"","overlay-color":"","overlay-opacity":"","overlay-gradient":""}},"ast-content-background-meta":{"desktop":{"background-color":"var(--ast-global-color-5)","background-image":"","background-repeat":"repeat","background-position":"center center","background-size":"auto","background-attachment":"scroll","background-type":"","background-media":"","overlay-type":"","overlay-color":"","overlay-opacity":"","overlay-gradient":""},"tablet":{"background-color":"var(--ast-global-color-5)","background-image":"","background-repeat":"repeat","background-position":"center center","background-size":"auto","background-attachment":"scroll","background-type":"","background-media":"","overlay-type":"","overlay-color":"","overlay-opacity":"","overlay-gradient":""},"mobile":{"background-color":"var(--ast-global-color-5)","background-image":"","background-repeat":"repeat","background-position":"center center","background-size":"auto","background-attachment":"scroll","background-type":"","background-media":"","overlay-type":"","overlay-color":"","overlay-opacity":"","overlay-gradient":""}},"footnotes":""},"categories":[1],"tags":[],"class_list":["post-242789","post","type-post","status-publish","format-standard","has-post-thumbnail","hentry","category-sem-categoria"],"_links":{"self":[{"href":"https:\/\/elementum.pt\/pt-pt\/wp-json\/wp\/v2\/posts\/242789","targetHints":{"allow":["GET"]}}],"collection":[{"href":"https:\/\/elementum.pt\/pt-pt\/wp-json\/wp\/v2\/posts"}],"about":[{"href":"https:\/\/elementum.pt\/pt-pt\/wp-json\/wp\/v2\/types\/post"}],"author":[{"embeddable":true,"href":"https:\/\/elementum.pt\/pt-pt\/wp-json\/wp\/v2\/users\/4"}],"replies":[{"embeddable":true,"href":"https:\/\/elementum.pt\/pt-pt\/wp-json\/wp\/v2\/comments?post=242789"}],"version-history":[{"count":0,"href":"https:\/\/elementum.pt\/pt-pt\/wp-json\/wp\/v2\/posts\/242789\/revisions"}],"wp:featuredmedia":[{"embeddable":true,"href":"https:\/\/elementum.pt\/pt-pt\/wp-json\/wp\/v2\/media\/242665"}],"wp:attachment":[{"href":"https:\/\/elementum.pt\/pt-pt\/wp-json\/wp\/v2\/media?parent=242789"}],"wp:term":[{"taxonomy":"category","embeddable":true,"href":"https:\/\/elementum.pt\/pt-pt\/wp-json\/wp\/v2\/categories?post=242789"},{"taxonomy":"post_tag","embeddable":true,"href":"https:\/\/elementum.pt\/pt-pt\/wp-json\/wp\/v2\/tags?post=242789"}],"curies":[{"name":"wp","href":"https:\/\/api.w.org\/{rel}","templated":true}]}}