{"id":242537,"date":"2022-02-16T14:36:14","date_gmt":"2022-02-16T14:36:14","guid":{"rendered":"https:\/\/elementum.pt\/2022\/02\/16\/daniel-lacalle-desemprego-na-europa-grandes-governos-menos-empregos\/"},"modified":"2022-08-01T12:31:13","modified_gmt":"2022-08-01T11:31:13","slug":"daniel-lacalle-desemprego-na-europa-grandes-governos-menos-empregos","status":"publish","type":"post","link":"https:\/\/elementum.pt\/pt-pt\/daniel-lacalle-desemprego-na-europa-grandes-governos-menos-empregos\/","title":{"rendered":"Daniel Lacalle | Desemprego na Europa: Grandes Governos, Menos Empregos"},"content":{"rendered":"<p style=\"text-align:center;\"><span><span style=\"font-family:Verdana;font-size:18px;\"><img fetchpriority=\"high\" decoding=\"async\" src=\"https:\/\/elementum.pt\/wp-content\/uploads\/2022\/08\/img_62c6f207e8112-1.png\" width=\"600\" height=\"250\" alt=\"\" \/><br \/><\/span><\/span><\/p>\n<p style=\"text-align:justify;\"><span style=\"font-family:Verdana;font-size:18px;\"><br \/><\/span><\/p>\n<p style=\"text-align:justify;\"><span style=\"font-family:Verdana;font-size:18px;\">A taxa de desemprego da zona euro caiu para 7%em dezembro e 6.4% na Uni\u00e3o Europeia [Nota do editor: veja os detalhes <a href=\"https:\/\/www.elementum.pt\/pt\/noticias\/taxa-de-desemprego-da-zona-euro-atinge-7-em-dezembro-de-2021\" target=\"_blank\" rel=\"noopener\">aqui<\/a><\/span><span style=\"font-family:Verdana;font-size:18px;\">], em compara\u00e7\u00e3o com os Estados Unidos (em 3.9%). N\u00e3o podemos esquecer queestas taxas de desemprego n\u00e3o incluem os postos de trabalho em licen\u00e7aabrangidos pelos regimes de reten\u00e7\u00e3o de desemprego, que representam mais 5milh\u00f5es de trabalhadores \u00e0 espera de regressar \u00e0 atividade normal.<\/span><\/p>\n<p style=\"text-align:justify;\"><span><span style=\"font-family:Verdana;font-size:18px;\"><br \/><\/span><\/span><\/p>\n<p style=\"text-align:justify;\"><span style=\"font-family:Verdana;font-size:18px;\">Ap\u00f3s um plano de est\u00edmulo fiscal de mais de 5%do PIB em 2020 (e outros 4% em 2021) e o Banco Central Europeu a comprar 100%das emiss\u00f5es l\u00edquidas da maioria dos governos da zona euro, a recupera\u00e7\u00e3oecon\u00f3mica mostra uma fraqueza preocupante. Os empregos em licen\u00e7a est\u00e3o aaumentar novamente, as horas de trabalho ainda est\u00e3o abaixo do n\u00edvelpr\u00e9-pandemia e os sal\u00e1rios reais est\u00e3o a diminuir \u00e0 medida que a infla\u00e7\u00e3o depre\u00e7os [aumenta].<\/span><\/p>\n<p style=\"text-align:justify;\"><span style=\"font-family:Verdana;font-size:18px;\"><br \/><\/span><\/p>\n<p style=\"text-align:justify;\"><span style=\"font-family:Verdana;font-size:18px;\">Em dezembro de 2021, a taxa de desemprego dosjovens foi de 14.9% tanto na UE quanto na zona euro.<\/span><\/p>\n<p style=\"text-align:justify;\"><span style=\"font-family:Verdana;font-size:18px;\">Estes n\u00edveis de desemprego s\u00e3o elevados, masalguns membros da UE t\u00eam taxas de desemprego ainda mais elevados. A Espanha temuma taxa de desemprego oficial de 13%, com ainda 220 mil empregos de licen\u00e7a, ea taxa de desemprego dos jovens \u00e9 de 30%.<\/span><\/p>\n<p style=\"text-align:justify;\"><span style=\"font-family:Verdana;font-size:18px;\"><br \/><\/span><\/p>\n<p style=\"text-align:justify;\"><span style=\"font-family:Verdana;font-size:18px;\">O que estes n\u00fameros mostram \u00e9 que os altosgastos do governo e os enormes esquemas de reten\u00e7\u00e3o de empregos n\u00e3o ajudaram arecuperar a economia europeia mais rapidamente ou melhorar a cria\u00e7\u00e3o deempregos em compara\u00e7\u00e3o a zonas econ\u00f3micas semelhantes.<\/span><\/p>\n<p style=\"text-align:justify;\"><span style=\"font-family:Verdana;font-size:18px;\"><br \/><\/span><\/p>\n<p style=\"text-align:justify;\"><span style=\"font-family:Verdana;font-size:18px;\">A recupera\u00e7\u00e3o econ\u00f3mica tem sido lenta e acria\u00e7\u00e3o de empregos ainda mais lenta. Al\u00e9m disto, uma grande propor\u00e7\u00e3o darecupera\u00e7\u00e3o de empregos foi do setor p\u00fablico. Na Espanha, por exemplo, ainda h\u00e195 mil empregos a menos no setor privado do que antes da pandemia e 220 mil amais no setor p\u00fablico.<\/span><\/p>\n<p style=\"text-align:justify;\"><span style=\"font-family:Verdana;font-size:18px;\"><br \/><\/span><\/p>\n<p style=\"text-align:justify;\"><span style=\"font-family:Verdana;font-size:18px;\">A Uni\u00e3o Europeia enfrenta desafios \u00fanicosdevido \u00e0 demografia, n\u00edveis elevados de gastos governamentais e uma posi\u00e7\u00e3o deenergia fraca, onde empresas e fam\u00edlias pagam contas de energia e g\u00e1s naturalmuito mais altas do que as dos EUA.<\/span><\/p>\n<p style=\"text-align:justify;\"><span style=\"font-family:Verdana;font-size:18px;\"><br \/><\/span><\/p>\n<p style=\"text-align:justify;\"><span style=\"font-family:Verdana;font-size:18px;\">Perante todos estes desafios, a Uni\u00e3o Europeialan\u00e7ou um massivo Plano de Recupera\u00e7\u00e3o (Next Generation EU) que visaimpulsionar o crescimento e a competitividade. O problema \u00e9 que \u00e9 dif\u00edcil vercomo estes enormes planos de gastos v\u00e3o produzir a transforma\u00e7\u00e3o e ocrescimento esperados.<\/span><\/p>\n<p style=\"text-align:justify;\"><span style=\"font-family:Verdana;font-size:18px;\"><br \/><\/span><\/p>\n<p style=\"text-align:justify;\"><span style=\"font-family:Verdana;font-size:18px;\">O maior problema que a Uni\u00e3o Europeia enfrenta\u00e9 tecnol\u00f3gico. A UE nem sequer se apresentou como um concorrente s\u00e9rio nacorrida tecnol\u00f3gica. Menos de 4% do valor de mercado do Stoxx 600 vem detecnologia, comparado a 25% no S&amp;P 500. \u00c9 dif\u00edcil acreditar que a mudan\u00e7aradical no ritmo de crescimento e emprego vir\u00e1 de um grande plano de est\u00edmulodirigido por governos e focado na mudan\u00e7a clim\u00e1tica e sustentabilidade de umaperspetiva pol\u00edtica e n\u00e3o empresarial.<\/span><\/p>\n<p style=\"text-align:justify;\"><span style=\"font-family:Verdana;font-size:18px;\"><br \/><\/span><\/p>\n<p style=\"text-align:justify;\"><span style=\"font-family:Verdana;font-size:18px;\">A Uni\u00e3o Europeia a p\u00f4r toda a sua aposta parao futuro no conceito frouxo do \u201cEstado empreendedor\u201d defendido pela economistaitaliana Mariana Mazzuccato. Governos e partidos socialistas adoram esta ideia,que os faz acreditar que empresas gigantes de tecnologia como Apple ou Amazondevem tudo aos gastos do governo e do setor p\u00fablico. O problema \u00e9 que talfantasia foi completamente desmascarada pela realidade &#8211; a UE est\u00e1 atrasada noalcance da tecnologia global. Em \u201cThe Myth of the Entrepreneurial State\u201d,Alberto Mingardi e Deirdre McCloskey desmentem o conto de fadas de que o setorp\u00fablico est\u00e1 na vanguarda da inova\u00e7\u00e3o e do progresso tecnol\u00f3gico.<\/span><\/p>\n<p style=\"text-align:justify;\"><span style=\"font-family:Verdana;font-size:18px;\"><br \/><\/span><\/p>\n<p style=\"text-align:justify;\"><span style=\"font-family:Verdana;font-size:18px;\">Infelizmente, \u00e9 prov\u00e1vel que o plano do NextGeneration EU tenha um impacto t\u00e3o pequeno como o Plano Juncker ou o Plano deCrescimento e Emprego de 2009. O principal problema \u00e9 que o plano visa gastaruma enorme quantidade de dinheiro rapidamente em \u00e1reas que s\u00e3o favorecidaspelos pol\u00edticos, enquanto a economia europeia sofre com o aumento dos custos deinsumos, energia e mat\u00e9rias-primas. A economia europeia est\u00e1 a perdercompetitividade com o aumento dos pre\u00e7os ao produtor e margens mais fracas. Eparte disso vem da proibi\u00e7\u00e3o do g\u00e1s de xisto e da imposi\u00e7\u00e3o de uma pol\u00edticaenerg\u00e9tica n\u00e3o competitiva e politicamente direcionada. Todas estas coisaspodem mudar rapidamente com pol\u00edticas s\u00e9rias destinadas a apoiar pequenasempresas e fam\u00edlias com impostos mais baixos, mas a relut\u00e2ncia dos formuladoresde pol\u00edticas \u00e9 enorme.<\/span><\/p>\n<p style=\"text-align:justify;\"><span style=\"font-family:Verdana;font-size:18px;\"><br \/><\/span><\/p>\n<p style=\"text-align:justify;\"><span style=\"font-family:Verdana;font-size:18px;\">Em 2009, alguns pa\u00edses decidiram usar o Planode Crescimento e Emprego para financiar a redu\u00e7\u00e3o de impostos e a redu\u00e7\u00e3o daburocracia. Agora, infelizmente, o Next Generation EU est\u00e1 focado em gastar soba orienta\u00e7\u00e3o de uma vis\u00e3o pol\u00edtica.<\/span><\/p>\n<p style=\"text-align:justify;\"><span style=\"font-family:Verdana;font-size:18px;\"><br \/><\/span><\/p>\n<p style=\"text-align:justify;\"><span style=\"font-family:Verdana;font-size:18px;\">Esta pode ser uma oportunidade extraordin\u00e1riapara reduzir os pre\u00e7os da energia e impulsionar as pequenas e m\u00e9dias empresas ase tornarem os novos gigantes da tecnologia. Infelizmente, existem riscoselevados que podem levar este novo programa a outro gasto maci\u00e7o em elefantesbrancos keynesianos sem retorno econ\u00f3mico real. O potencial da Uni\u00e3o Europeia \u00e9enorme, mas o \u201cdirigismo\u201d impede muitos pa\u00edses de se aproximarem do seupotencial.<\/span><\/p>\n<p style=\"text-align:justify;\"><span style=\"font-family:Verdana;font-size:18px;\"><br \/><\/span><\/p>\n<p style=\"text-align:justify;\"><span><span style=\"font-family:Verdana;font-size:18px;\"><br \/><\/span><\/span><\/p>\n<p style=\"text-align:justify;\"><span><span style=\"font-family:Verdana;font-size:18px;\">Artigo originalmente publicado no <a href=\"https:\/\/www.dlacalle.com\/en\/europe-unemployment-big-government-less-jobs\/\" target=\"_blank\" rel=\"noopener\">site doDaniel Lacalle<\/a><\/span><span style=\"font-family:Verdana;font-size:18px;\">.<\/span><\/span><\/p>\n<p style=\"text-align:justify;\"><span><span style=\"font-family:Verdana;font-size:18px;\"><br \/><\/span><\/span><\/p>\n<p style=\"text-align:justify;\"><span style=\"font-family:Verdana;font-size:18px;\">Tradu\u00e7\u00e3o e edi\u00e7\u00e3o de Andr\u00e9 Marques.<\/span><\/p>\n<p style=\"text-align:justify;\"><span style=\"font-family:Verdana;font-size:18px;\"><br \/><\/span><\/p>\n<p style=\"text-align:justify;\"><span><span style=\"font-family:Verdana;font-size:18px;\"><strong>Autor<\/strong>: Daniel Lacalle \u00e9 um economista e gestorde fundos espanhol, autor dos bestsellers <a href=\"https:\/\/www.amazon.com\/Freedom-Equality-Prosperity-Through-Capitalism-ebook\/dp\/B084RG7WR7\" target=\"_blank\" rel=\"noopener\">Freedom or Equality (2020)<\/a><\/span><span style=\"font-family:Verdana;font-size:18px;\">, <a href=\"https:\/\/www.amazon.com\/Escape-Central-Bank-Trap-Expansion\/dp\/194944368X\" target=\"_blank\" rel=\"noopener\">Escape from the Central Bank Trap (2017)<\/a><\/span><span style=\"font-family:Verdana;font-size:18px;\">, e <a href=\"https:\/\/www.amazon.com\/Life-Financial-Markets-Really-Matter\/dp\/1118914872\" target=\"_blank\" rel=\"noopener\">Life in the Financial Markets (2014)<\/a><\/span><span style=\"font-family:Verdana;font-size:18px;\">. \u00c9 professor de economia na IE Business School em Madrid.<\/span><\/span><\/p>\n<p style=\"text-align:justify;\"><span><span style=\"font-family:Verdana;font-size:18px;\"><br \/><\/span><\/span><\/p>\n<p style=\"text-align:justify;\"><span style=\"font-family:Verdana;font-size:18px;\"><strong>Nota<\/strong>: As opini\u00f5es expressas neste artigo n\u00e3onecessariamente v\u00e3o totalmente de acordo com as da Elementum Portugal e dotradutor\/editor deste artigo.<\/span><\/p>\n","protected":false},"excerpt":{"rendered":"<p>A taxa de desemprego da zona euro caiu para 7%em dezembro e 6.4% na Uni\u00e3o Eu<\/p>\n","protected":false},"author":4,"featured_media":242538,"comment_status":"open","ping_status":"open","sticky":false,"template":"","format":"standard","meta":{"inline_featured_image":false,"site-sidebar-layout":"default","site-content-layout":"","ast-site-content-layout":"","site-content-style":"default","site-sidebar-style":"default","ast-global-header-display":"","ast-banner-title-visibility":"","ast-main-header-display":"","ast-hfb-above-header-display":"","ast-hfb-below-header-display":"","ast-hfb-mobile-header-display":"","site-post-title":"","ast-breadcrumbs-content":"","ast-featured-img":"","footer-sml-layout":"","theme-transparent-header-meta":"","adv-header-id-meta":"","stick-header-meta":"","header-above-stick-meta":"","header-main-stick-meta":"","header-below-stick-meta":"","astra-migrate-meta-layouts":"default","ast-page-background-enabled":"default","ast-page-background-meta":{"desktop":{"background-color":"var(--ast-global-color-4)","background-image":"","background-repeat":"repeat","background-position":"center center","background-size":"auto","background-attachment":"scroll","background-type":"","background-media":"","overlay-type":"","overlay-color":"","overlay-opacity":"","overlay-gradient":""},"tablet":{"background-color":"","background-image":"","background-repeat":"repeat","background-position":"center center","background-size":"auto","background-attachment":"scroll","background-type":"","background-media":"","overlay-type":"","overlay-color":"","overlay-opacity":"","overlay-gradient":""},"mobile":{"background-color":"","background-image":"","background-repeat":"repeat","background-position":"center center","background-size":"auto","background-attachment":"scroll","background-type":"","background-media":"","overlay-type":"","overlay-color":"","overlay-opacity":"","overlay-gradient":""}},"ast-content-background-meta":{"desktop":{"background-color":"var(--ast-global-color-5)","background-image":"","background-repeat":"repeat","background-position":"center center","background-size":"auto","background-attachment":"scroll","background-type":"","background-media":"","overlay-type":"","overlay-color":"","overlay-opacity":"","overlay-gradient":""},"tablet":{"background-color":"var(--ast-global-color-5)","background-image":"","background-repeat":"repeat","background-position":"center center","background-size":"auto","background-attachment":"scroll","background-type":"","background-media":"","overlay-type":"","overlay-color":"","overlay-opacity":"","overlay-gradient":""},"mobile":{"background-color":"var(--ast-global-color-5)","background-image":"","background-repeat":"repeat","background-position":"center center","background-size":"auto","background-attachment":"scroll","background-type":"","background-media":"","overlay-type":"","overlay-color":"","overlay-opacity":"","overlay-gradient":""}},"footnotes":""},"categories":[1],"tags":[],"class_list":["post-242537","post","type-post","status-publish","format-standard","has-post-thumbnail","hentry","category-sem-categoria"],"_links":{"self":[{"href":"https:\/\/elementum.pt\/pt-pt\/wp-json\/wp\/v2\/posts\/242537","targetHints":{"allow":["GET"]}}],"collection":[{"href":"https:\/\/elementum.pt\/pt-pt\/wp-json\/wp\/v2\/posts"}],"about":[{"href":"https:\/\/elementum.pt\/pt-pt\/wp-json\/wp\/v2\/types\/post"}],"author":[{"embeddable":true,"href":"https:\/\/elementum.pt\/pt-pt\/wp-json\/wp\/v2\/users\/4"}],"replies":[{"embeddable":true,"href":"https:\/\/elementum.pt\/pt-pt\/wp-json\/wp\/v2\/comments?post=242537"}],"version-history":[{"count":0,"href":"https:\/\/elementum.pt\/pt-pt\/wp-json\/wp\/v2\/posts\/242537\/revisions"}],"wp:featuredmedia":[{"embeddable":true,"href":"https:\/\/elementum.pt\/pt-pt\/wp-json\/wp\/v2\/media\/242538"}],"wp:attachment":[{"href":"https:\/\/elementum.pt\/pt-pt\/wp-json\/wp\/v2\/media?parent=242537"}],"wp:term":[{"taxonomy":"category","embeddable":true,"href":"https:\/\/elementum.pt\/pt-pt\/wp-json\/wp\/v2\/categories?post=242537"},{"taxonomy":"post_tag","embeddable":true,"href":"https:\/\/elementum.pt\/pt-pt\/wp-json\/wp\/v2\/tags?post=242537"}],"curies":[{"name":"wp","href":"https:\/\/api.w.org\/{rel}","templated":true}]}}