{"id":242528,"date":"2022-02-16T14:29:19","date_gmt":"2022-02-16T14:29:19","guid":{"rendered":"https:\/\/elementum.pt\/2022\/02\/16\/emissoes-de-titulos-em-portugal-dezembro-de-2021\/"},"modified":"2022-08-01T12:31:14","modified_gmt":"2022-08-01T11:31:14","slug":"emissoes-de-titulos-em-portugal-dezembro-de-2021","status":"publish","type":"post","link":"https:\/\/elementum.pt\/pt-pt\/emissoes-de-titulos-em-portugal-dezembro-de-2021\/","title":{"rendered":"Emiss\u00f5es de T\u00edtulos em Portugal | Dezembro de 2021"},"content":{"rendered":"<p style=\"text-align:center;\"><span><span style=\"font-family:Verdana;font-size:18px;\"><img fetchpriority=\"high\" decoding=\"async\" src=\"https:\/\/elementum.pt\/wp-content\/uploads\/2022\/08\/img_62c6f20a39d9e-1.png\" width=\"600\" height=\"250\" alt=\"\" \/><br \/><\/span><\/span><\/p>\n<p style=\"text-align:justify;\"><span style=\"font-family:Verdana;font-size:18px;\"><br \/><\/span><\/p>\n<p style=\"text-align:justify;\"><span style=\"font-family:Verdana;font-size:18px;\">O Banco de Portugal <a href=\"https:\/\/bpstat.bportugal.pt\/conteudos\/noticias\/1536\/\" target=\"_blank\" rel=\"noopener\">publicou<\/a><\/span><span style=\"font-family:Verdana;font-size:18px;\">, na semana passada, os dados de dezembro de 2021 sobre as emiss\u00f5es eamortiza\u00e7\u00f5es de t\u00edtulos em Portugal.<\/span><\/p>\n<p style=\"text-align:justify;\"><span><span style=\"font-family:Verdana;font-size:18px;\"><br \/><\/span><\/span><\/p>\n<p style=\"text-align:justify;\"><span style=\"font-family:Verdana;font-size:18px;\">Em dezembro de 2021, as emiss\u00f5es de t\u00edtulosexcederam as amortiza\u00e7\u00f5es em 2.5 mil milh\u00f5es de euros. As emiss\u00f5es de t\u00edtulosde capital (a\u00e7\u00f5es) superaram as amortiza\u00e7\u00f5es em 3.1 mil milh\u00f5es. Nos t\u00edtulos ded\u00edvida, por sua vez, as amortiza\u00e7\u00f5es foram superiores \u00e0s emiss\u00f5es em 600 milh\u00f5esde euros.<\/span><\/p>\n<p style=\"text-align:justify;\"><span style=\"font-family:Verdana;font-size:18px;\"><br \/><\/span><\/p>\n<p style=\"text-align:justify;\"><span style=\"font-family:Verdana;font-size:18px;\">Em todo o ano de 2021, as emiss\u00f5es de t\u00edtulosexcederam (pelo sexto ano consecutivo) as amortiza\u00e7\u00f5es em 8 mil milh\u00f5es deeuros. Nas a\u00e7\u00f5es, as emiss\u00f5es superaram as amortiza\u00e7\u00f5es em 7 mil milh\u00f5es deeuros; nos t\u00edtulos de d\u00edvida, em 1 mil milh\u00e3o de euros.<\/span><\/p>\n<p style=\"text-align:center;\"><span style=\"font-family:Verdana;font-size:18px;\"><br \/><\/span><\/p>\n<p style=\"text-align:center;\"><span style=\"font-family:Verdana;font-size:18px;\"><strong>Figura 1 \u2013 T\u00edtulos Emitidos, por Instrumento |Emiss\u00f5es Deduzidas de Amortiza\u00e7\u00f5es, em Milh\u00f5es de Euros (2019-2021)<\/strong><\/span><\/p>\n<p style=\"text-align:center;\"><span style=\"font-family:Verdana;font-size:18px;\"><img decoding=\"async\" src=\"https:\/\/elementum.pt\/wp-content\/uploads\/2022\/08\/img_62c6f20c2999b-1.png\" width=\"900\" height=\"400\" alt=\"\" \/><br \/><\/span><\/p>\n<p style=\"text-align:center;\"><span style=\"font-family:Verdana;font-size:12px;\"><strong>Fonte: Banco de Portugal.<\/strong><\/span><\/p>\n<p style=\"text-align:justify;\"><span style=\"font-family:Verdana;font-size:18px;\"><br \/><\/span><\/p>\n<p style=\"text-align:justify;\"><span style=\"font-family:Verdana;font-size:18px;\">As sociedades n\u00e3o financeiras e as financeirasemitiram mais \u20ac 2.5 mil milh\u00f5es e \u20ac29 milh\u00f5es (respetivamente) em t\u00edtulos doque amortizaram. J\u00e1 as amortiza\u00e7\u00f5es das administra\u00e7\u00f5es p\u00fablicas ultrapassaramas emiss\u00f5es em 80 milh\u00f5es de euros.<\/span><\/p>\n<p style=\"text-align:justify;\"><span style=\"font-family:Verdana;font-size:18px;\"><br \/><\/span><\/p>\n<p style=\"text-align:justify;\"><span style=\"font-family:Verdana;font-size:18px;\">Em todo o ano de 2021, as emiss\u00f5es dassociedades n\u00e3o financeiras e das sociedades financeiras ultrapassaram asamortiza\u00e7\u00f5es em 7.5 mil milh\u00f5es de euros e em 2.8 mil milh\u00f5es de euros,respetivamente. As administra\u00e7\u00f5es p\u00fablicas, por sua vez, amortizaram mais 2.3mil milh\u00f5es de euros em t\u00edtulos do que emitiram.<\/span><\/p>\n<p style=\"text-align:justify;\"><span style=\"font-family:Verdana;font-size:18px;\"><br \/><\/span><\/p>\n<p style=\"text-align:center;\"><span style=\"font-family:Verdana;font-size:18px;\"><strong>Figura 2 \u2013 T\u00edtulos Emitidos, por SetorInstitucional | Emiss\u00f5es Deduzidas de Amortiza\u00e7\u00f5es, em Milh\u00f5es de Euros(2019-2021)<\/strong><\/span><\/p>\n<p style=\"text-align:center;\"><span style=\"font-family:Verdana;font-size:18px;\"><img decoding=\"async\" src=\"https:\/\/elementum.pt\/wp-content\/uploads\/2022\/08\/img_62c6f20dde496-1.png\" width=\"900\" height=\"400\" alt=\"\" \/><br \/><\/span><\/p>\n<p style=\"text-align:center;\"><span style=\"font-family:Verdana;font-size:12px;\"><strong>Fonte: Banco de Portugal.<\/strong><\/span><\/p>\n<p style=\"text-align:justify;\"><span style=\"font-family:Verdana;font-size:18px;\"><br \/><\/span><\/p>\n<p style=\"text-align:justify;\"><span style=\"font-family:Verdana;font-size:18px;\">Em dezembro de 2021, o valor total de t\u00edtulosemitidos por entidades residentes em Portugal aumentou \u20ac100 milh\u00f5es, para\u20ac489.5 mil milh\u00f5es (figura 3). Este acr\u00e9scimo deveu-se ao aumento de 2.5 milmilh\u00f5es de euros dos t\u00edtulos das sociedades n\u00e3o financeiras. O Valor das a\u00e7\u00f5essofreu um aumento de \u20ac3 mil milh\u00f5es em dezembro de 2021; o dos t\u00edtulos ded\u00edvida, uma diminui\u00e7\u00e3o de \u20ac 2.1 mil milh\u00f5es (figura 3).<\/span><\/p>\n<p style=\"text-align:justify;\"><span style=\"font-family:Verdana;font-size:18px;\"><br \/><\/span><\/p>\n<p style=\"text-align:justify;\"><span style=\"font-family:Verdana;font-size:18px;\">O valor dos t\u00edtulos de d\u00edvida p\u00fablica diminuiu2.3 mil milh\u00f5es de euros em dezembro de 2021 (figura 4 \u2013 Administra\u00e7\u00e3o P\u00fablica).J\u00e1 o valor dos t\u00edtulos das sociedades n\u00e3o financeiras sofreu um aumento de \u20ac3.4 mil milh\u00f5es; o das sociedades financeiras, uma diminui\u00e7\u00e3o de \u20ac 5 milh\u00f5es(figura 4).<\/span><\/p>\n<p style=\"text-align:justify;\"><span style=\"font-family:Verdana;font-size:18px;\"><br \/><\/span><\/p>\n<p style=\"text-align:justify;\"><span style=\"font-family:Verdana;font-size:18px;\">Durante o ano de 2021, o valor dos t\u00edtulos dassociedades n\u00e3o financeiras aumentou 11.5 mil milh\u00f5es de euros (figura 4), devido,em parte, \u00e0 valoriza\u00e7\u00e3o das a\u00e7\u00f5es cotadas. J\u00e1 o valor dos t\u00edtulos emitidospelas administra\u00e7\u00f5es p\u00fablicas diminuiu 9.7 mil milh\u00f5es de euros em rela\u00e7\u00e3o a2020 (figura 4). Deste valor, 7.3 mil milh\u00f5es de euros corresponderam \u00e0 desvaloriza\u00e7\u00e3ode t\u00edtulos de d\u00edvida.<\/span><\/p>\n<p style=\"text-align:justify;\"><span style=\"font-family:Verdana;font-size:18px;\"><br \/><\/span><\/p>\n<p style=\"text-align:center;\"><span style=\"font-family:Verdana;font-size:18px;\"><strong>Figura 3 \u2013 T\u00edtulos Emitidos, por Tipo deInstrumento | Valor Total em Fim de M\u00eas, em Milh\u00f5es de Euros (2019-2021)<\/strong><\/span><\/p>\n<p style=\"text-align:center;\"><span style=\"font-family:Verdana;font-size:18px;\"><img loading=\"lazy\" decoding=\"async\" src=\"https:\/\/elementum.pt\/wp-content\/uploads\/2022\/08\/img_62c6f20fac2bb-1.png\" width=\"900\" height=\"400\" alt=\"\" \/><br \/><\/span><\/p>\n<p style=\"text-align:center;\"><span style=\"font-family:Verdana;font-size:12px;\"><strong>Fonte: Banco de Portugal.<\/strong><\/span><\/p>\n<p style=\"text-align:justify;\"><span style=\"font-family:Verdana;font-size:18px;\"><br \/><\/span><\/p>\n<p style=\"text-align:center;\"><span style=\"font-family:Verdana;font-size:18px;\"><strong>Figura 4 \u2013 T\u00edtulos Emitidos, por SetorInstitucional | Valor em Fim de M\u00eas, em Milh\u00f5es de Euros (2019-2021)<\/strong><\/span><\/p>\n<p style=\"text-align:center;\"><span style=\"font-family:Verdana;font-size:18px;\"><img loading=\"lazy\" decoding=\"async\" src=\"https:\/\/elementum.pt\/wp-content\/uploads\/2022\/08\/img_62c6f2129068d-1.png\" width=\"900\" height=\"400\" alt=\"\" \/><br \/><\/span><\/p>\n<p style=\"text-align:center;\"><span style=\"font-family:Verdana;font-size:12px;\"><strong>Fonte: Banco de Portugal.<\/strong><\/span><\/p>\n<p style=\"text-align:center;\"><span style=\"font-family:Verdana;font-size:12px;\"><strong><br \/><\/strong><\/span><\/p>\n<p style=\"text-align:justify;\"><span style=\"font-family:Verdana;font-size:18px;\">Os setores de atividade econ\u00f3mica com maiorpeso no stock de t\u00edtulos emitidos pelas sociedades n\u00e3o financeiras eram, emdezembro de 2021, as sedes sociais, a eletricidade, g\u00e1s e \u00e1gua, as ind\u00fastriastransformadoras, o com\u00e9rcio e a constru\u00e7\u00e3o. Estas cinco atividades econ\u00f3micas foramrespons\u00e1veis por 73.6% dos t\u00edtulos emitidos por sociedades n\u00e3o financeiras.<\/span><\/p>\n<p style=\"text-align:justify;\"><span style=\"font-family:Verdana;font-size:18px;\"><br \/><\/span><\/p>\n<p style=\"text-align:justify;\"><span style=\"font-family:Verdana;font-size:18px;\">Figura 5 \u2013 T\u00edtulos Emitidos por Sociedades n\u00e3oFinanceiras, por Principais Setores de Atividade Econ\u00f3mica | Em milh\u00f5es deeuros (Dezembro de 2021)<\/span><\/p>\n<p style=\"text-align:center;\"><span style=\"font-family:Verdana;font-size:18px;\"><img loading=\"lazy\" decoding=\"async\" src=\"https:\/\/elementum.pt\/wp-content\/uploads\/2022\/08\/img_62c6f215600a3-1.png\" width=\"900\" height=\"400\" alt=\"\" \/><br \/><\/span><\/p>\n<p style=\"text-align:center;\"><span style=\"font-family:Verdana;font-size:12px;\"><strong>Fonte: Banco de Portugal.<\/strong><\/span><\/p>\n<p style=\"text-align:justify;\"><span style=\"font-family:Verdana;font-size:18px;\"><br \/><\/span><\/p>\n<p style=\"text-align:justify;\"><span style=\"font-family:Verdana;font-size:18px;\">O Banco de Portugal tamb\u00e9m afirma que, dototal de \u20ac308.5 mil milh\u00f5es em t\u00edtulos de d\u00edvida vivos no final de dezembro de2021, estavam previstas, para os 12 meses seguintes, amortiza\u00e7\u00f5es de 13.8% (42.5mil milh\u00f5es de euros).<\/span><\/p>\n<p style=\"text-align:justify;\"><span style=\"font-family:Verdana;font-size:18px;\"><br \/><\/span><\/p>\n<p style=\"text-align:justify;\"><span style=\"font-family:Verdana;font-size:18px;\">Destacavam-se as administra\u00e7\u00f5es p\u00fablicas, comamortiza\u00e7\u00f5es de 9.4 mil milh\u00f5es de euros calendarizadas para outubro de 2022, eas sociedades n\u00e3o financeiras, com amortiza\u00e7\u00f5es de 4.3 mil milh\u00f5es de euros emjaneiro de 2022. Este \u00faltimo valor corresponde, sobretudo, a papel comercial (uminstrumento de financiamento de curto prazo muito utilizado pelas empresasportuguesas e que \u00e9 habitualmente objeto de renova\u00e7\u00e3o, isto \u00e9, de amortiza\u00e7\u00e3oacompanhada de nova emiss\u00e3o, igualmente de curto prazo). Por isto, \u00e9 previs\u00edvelque se registe sistematicamente um valor elevado de amortiza\u00e7\u00f5es calendarizadaspara os 30 dias ap\u00f3s o fim do m\u00eas.<\/span><\/p>\n<p style=\"text-align:justify;\"><span style=\"font-family:Verdana;font-size:18px;\"><br \/><\/span><\/p>\n<p style=\"text-align:center;\"><span style=\"font-family:Verdana;font-size:18px;\"><strong>Figura 6 \u2013 Amortiza\u00e7\u00f5es Calendarizadas deT\u00edtulos de D\u00edvida, Em Milh\u00f5es de Euros<\/strong><\/span><\/p>\n<p style=\"text-align:center;\"><span style=\"font-family:Verdana;font-size:18px;\"><img loading=\"lazy\" decoding=\"async\" src=\"https:\/\/elementum.pt\/wp-content\/uploads\/2022\/08\/img_62c6f2173c1e2-1.png\" width=\"900\" height=\"400\" alt=\"\" \/><br \/><\/span><\/p>\n<p style=\"text-align:center;\"><span style=\"font-family:Verdana;font-size:12px;\"><strong>Fonte: Banco de Portugal.<\/strong><\/span><\/p>\n<p style=\"text-align:justify;\"><span style=\"font-family:Verdana;font-size:18px;\"><br \/><\/span><\/p>\n<p style=\"text-align:justify;\"><span style=\"font-family:Verdana;font-size:18px;\"><br \/><\/span><\/p>\n<p style=\"text-align:justify;\"><span style=\"font-family:Verdana;font-size:18px;\">Andr\u00e9 Marques<\/span><\/p>\n","protected":false},"excerpt":{"rendered":"<p>O Banco de Portugal publicou, na semana passada, os dados de dezembro de 2021 s<\/p>\n","protected":false},"author":4,"featured_media":242529,"comment_status":"open","ping_status":"open","sticky":false,"template":"","format":"standard","meta":{"inline_featured_image":false,"site-sidebar-layout":"default","site-content-layout":"","ast-site-content-layout":"","site-content-style":"default","site-sidebar-style":"default","ast-global-header-display":"","ast-banner-title-visibility":"","ast-main-header-display":"","ast-hfb-above-header-display":"","ast-hfb-below-header-display":"","ast-hfb-mobile-header-display":"","site-post-title":"","ast-breadcrumbs-content":"","ast-featured-img":"","footer-sml-layout":"","theme-transparent-header-meta":"","adv-header-id-meta":"","stick-header-meta":"","header-above-stick-meta":"","header-main-stick-meta":"","header-below-stick-meta":"","astra-migrate-meta-layouts":"default","ast-page-background-enabled":"default","ast-page-background-meta":{"desktop":{"background-color":"var(--ast-global-color-4)","background-image":"","background-repeat":"repeat","background-position":"center center","background-size":"auto","background-attachment":"scroll","background-type":"","background-media":"","overlay-type":"","overlay-color":"","overlay-opacity":"","overlay-gradient":""},"tablet":{"background-color":"","background-image":"","background-repeat":"repeat","background-position":"center center","background-size":"auto","background-attachment":"scroll","background-type":"","background-media":"","overlay-type":"","overlay-color":"","overlay-opacity":"","overlay-gradient":""},"mobile":{"background-color":"","background-image":"","background-repeat":"repeat","background-position":"center center","background-size":"auto","background-attachment":"scroll","background-type":"","background-media":"","overlay-type":"","overlay-color":"","overlay-opacity":"","overlay-gradient":""}},"ast-content-background-meta":{"desktop":{"background-color":"var(--ast-global-color-5)","background-image":"","background-repeat":"repeat","background-position":"center center","background-size":"auto","background-attachment":"scroll","background-type":"","background-media":"","overlay-type":"","overlay-color":"","overlay-opacity":"","overlay-gradient":""},"tablet":{"background-color":"var(--ast-global-color-5)","background-image":"","background-repeat":"repeat","background-position":"center center","background-size":"auto","background-attachment":"scroll","background-type":"","background-media":"","overlay-type":"","overlay-color":"","overlay-opacity":"","overlay-gradient":""},"mobile":{"background-color":"var(--ast-global-color-5)","background-image":"","background-repeat":"repeat","background-position":"center center","background-size":"auto","background-attachment":"scroll","background-type":"","background-media":"","overlay-type":"","overlay-color":"","overlay-opacity":"","overlay-gradient":""}},"footnotes":""},"categories":[1],"tags":[],"class_list":["post-242528","post","type-post","status-publish","format-standard","has-post-thumbnail","hentry","category-sem-categoria"],"_links":{"self":[{"href":"https:\/\/elementum.pt\/pt-pt\/wp-json\/wp\/v2\/posts\/242528","targetHints":{"allow":["GET"]}}],"collection":[{"href":"https:\/\/elementum.pt\/pt-pt\/wp-json\/wp\/v2\/posts"}],"about":[{"href":"https:\/\/elementum.pt\/pt-pt\/wp-json\/wp\/v2\/types\/post"}],"author":[{"embeddable":true,"href":"https:\/\/elementum.pt\/pt-pt\/wp-json\/wp\/v2\/users\/4"}],"replies":[{"embeddable":true,"href":"https:\/\/elementum.pt\/pt-pt\/wp-json\/wp\/v2\/comments?post=242528"}],"version-history":[{"count":0,"href":"https:\/\/elementum.pt\/pt-pt\/wp-json\/wp\/v2\/posts\/242528\/revisions"}],"wp:featuredmedia":[{"embeddable":true,"href":"https:\/\/elementum.pt\/pt-pt\/wp-json\/wp\/v2\/media\/242529"}],"wp:attachment":[{"href":"https:\/\/elementum.pt\/pt-pt\/wp-json\/wp\/v2\/media?parent=242528"}],"wp:term":[{"taxonomy":"category","embeddable":true,"href":"https:\/\/elementum.pt\/pt-pt\/wp-json\/wp\/v2\/categories?post=242528"},{"taxonomy":"post_tag","embeddable":true,"href":"https:\/\/elementum.pt\/pt-pt\/wp-json\/wp\/v2\/tags?post=242528"}],"curies":[{"name":"wp","href":"https:\/\/api.w.org\/{rel}","templated":true}]}}