{"id":242478,"date":"2022-02-01T14:29:45","date_gmt":"2022-02-01T14:29:45","guid":{"rendered":"https:\/\/elementum.pt\/2022\/02\/01\/taxa-de-desemprego-da-zona-euro-atinge-7-em-dezembro-de-2021\/"},"modified":"2022-08-01T12:32:34","modified_gmt":"2022-08-01T11:32:34","slug":"taxa-de-desemprego-da-zona-euro-atinge-7-em-dezembro-de-2021","status":"publish","type":"post","link":"https:\/\/elementum.pt\/pt-pt\/taxa-de-desemprego-da-zona-euro-atinge-7-em-dezembro-de-2021\/","title":{"rendered":"Taxa de Desemprego da Zona Euro Atinge 7% em Dezembro de 2021"},"content":{"rendered":"<p style=\"text-align:center;\"><span><span style=\"font-family:Verdana;font-size:18px;\"><strong><img fetchpriority=\"high\" decoding=\"async\" src=\"https:\/\/elementum.pt\/wp-content\/uploads\/2022\/08\/img_62c6f2597ca18-1.jpg\" width=\"600\" height=\"250\" alt=\"\" \/><br \/><\/strong><\/span><\/span> <\/p>\n<p style=\"text-align:justify;\"><span style=\"font-family:Verdana;font-size:18px;\"><strong><br \/><\/strong><\/span> <\/p>\n<p style=\"text-align:justify;\"><span style=\"font-family:Verdana;font-size:18px;\"><strong>Nota<\/strong>: \u00c9 importante destacar que as taxas dedesemprego divulgadas pelos governos (seja da Uni\u00e3o Europeia, dos EUA, doBrasil, ou qualquer outro), tendem a ser menores do que a real taxa dedesemprego. Isto ocorre devido, por exemplo, a estas taxas n\u00e3o contarem aspessoas desencorajadas (que pararam de procurar emprego e n\u00e3o est\u00e3o contados nafor\u00e7a de trabalho) e\/ou que est\u00e3o a fazer trabalhos ocasionais. Veja exemplos <a href=\"https:\/\/www.mises.org.br\/Article.aspx?id=1471\" target=\"_blank\" rel=\"noopener\">aqui<\/a><\/span><span style=\"font-family:Verdana;font-size:18px;\">, <a href=\"https:\/\/mises.org.br\/Article.aspx?id=433\" target=\"_blank\" rel=\"noopener\">aqui<\/a><\/span><span style=\"font-family:Verdana;font-size:18px;\">&nbsp;e <a href=\"https:\/\/youtu.be\/VmA1oXAGEIE\" target=\"_blank\" rel=\"noopener\">aqui<\/a><\/span><span style=\"font-family:Verdana;font-size:18px;\">.<\/span> <\/p>\n<p style=\"text-align:justify;\"><span><span style=\"font-family:Verdana;font-size:18px;\"><br \/><\/span><\/span> <\/p>\n<p style=\"text-align:justify;\"><span><span style=\"font-family:Verdana;font-size:18px;\">Em dezembro de 2021, a taxa de desemprego dazona euro foi de 7%, uma diminui\u00e7\u00e3o em compara\u00e7\u00e3o aos 7.2% em <a href=\"https:\/\/www.elementum.pt\/pt\/noticias\/taxa-de-desemprego-da-zona-euro-atinge-7-2-em-novembro-de-2021\" target=\"_blank\" rel=\"noopener\">novembro de 2021<\/a>&nbsp;<\/span><span style=\"font-family:Verdana;font-size:18px;\">e aos 8.2% em dezembro de 2020, <a href=\"https:\/\/ec.europa.eu\/eurostat\/documents\/2995521\/14233878\/3-01022022-AP-EN.pdf\/cfe71acd-ef6c-b52b-085f-838598dd9a88\" target=\"_blank\" rel=\"noopener\">segundoa Eurostat<\/a><\/span><span style=\"font-family:Verdana;font-size:18px;\">. J\u00e1 a taxa de desemprego da Uni\u00e3o Europeia (UE) foi de 6.4% em dezembro de2021, uma diminui\u00e7\u00e3o em compara\u00e7\u00e3o aos 6.5% em novembro de 2021 e aos 7.5% em dezembrode 2020.<\/span><\/span> <\/p>\n<p style=\"text-align:justify;\"><span><span style=\"font-family:Verdana;font-size:18px;\"><br \/><\/span><\/span> <\/p>\n<p style=\"text-align:center;\"><span style=\"font-family:Verdana;font-size:18px;\"><strong>Figura 1 \u2013 Taxa de Desemprego da Zona Euro eda UE (2008-2021)<\/strong><\/span> <\/p>\n<p style=\"text-align:center;\"><span style=\"font-family:Verdana;font-size:18px;\"><img decoding=\"async\" src=\"https:\/\/elementum.pt\/wp-content\/uploads\/2022\/08\/img_62c6f25b7b8f8-1.png\" width=\"750\" height=\"450\" alt=\"\" \/><br \/><\/span> <\/p>\n<p style=\"text-align:center;\"><span style=\"font-family:Verdana;font-size:12px;\"><strong>Zona Euro (Linha Vermelha); UE (Linha Azul).<\/strong><\/span> <\/p>\n<p style=\"text-align:center;\"><span style=\"font-family:Verdana;font-size:12px;\"><strong>Fonte: Eurostat.<\/strong><\/span> <\/p>\n<p style=\"text-align:center;\"><span style=\"font-family:Verdana;font-size:12px;\"><strong><br \/><\/strong><\/span> <\/p>\n<p style=\"text-align:justify;\"><span style=\"font-family:Verdana;font-size:18px;\">Estima-se que 13.612 milh\u00f5es pessoas na UE(das quais 11.481 milh\u00f5es da zona euro), estavam desempregadas em dezembro&nbsp;de2021. Em compara\u00e7\u00e3o a novembro de 2021, o n\u00famero de pessoas desempregadas diminuiu210 mil na UE e 185 mil na zona euro. Em compara\u00e7\u00e3o a dezembro de 2020, aquantidade de pessoas desempregadas diminuiu 2.196 milh\u00f5es na UE e 1.828milh\u00f5es na zona euro.<\/span> <\/p>\n<p style=\"text-align:justify;\"><span style=\"font-family:Verdana;font-size:18px;\"><br \/><\/span> <\/p>\n<p style=\"text-align:justify;\"><span style=\"font-family:Verdana;font-size:18px;\">Em Portugal, a taxa de desemprego atingiu 5.9%em dezembro de 2021, com 304 mil pessoas desempregadas.<\/span> <\/p>\n<p style=\"text-align:justify;\"><span style=\"font-family:Verdana;font-size:18px;\"><br \/><\/span> <\/p>\n<p style=\"text-align:center;\"><span style=\"font-family:Verdana;font-size:18px;\"><strong>Figura 2 \u2013 Total do Desemprego da Zona Euro eda UE<\/strong><\/span> <\/p>\n<p style=\"text-align:center;\"><span style=\"font-family:Verdana;font-size:18px;\"><img decoding=\"async\" src=\"https:\/\/elementum.pt\/wp-content\/uploads\/2022\/08\/img_62c6f25cab9e9-1.png\" width=\"800\" height=\"700\" alt=\"\" \/><br \/><\/span> <\/p>\n<p style=\"text-align:center;\"><span style=\"font-family:Verdana;font-size:12px;\"><strong>Rates % (Taxas %); Number of Persons inThousands (N\u00famero de Pessoas em Milhares); Euro Area (Zona Euro); EU (Uni\u00e3oEuropeia &#8211; UE).<\/strong><\/span> <\/p>\n<p style=\"text-align:center;\"><span style=\"font-family:Verdana;font-size:12px;\"><strong>Nota: Iceland (Isl\u00e2ndia), Norway (Noruega) e Switzerland(Su\u00ed\u00e7a) n\u00e3o fazem parte da UE.<\/strong><\/span> <\/p>\n<p style=\"text-align:center;\"><span style=\"font-family:Verdana;font-size:12px;\"><strong>Fonte: Eurostat.<\/strong><\/span> <\/p>\n<p style=\"text-align:center;\"><span style=\"font-family:Verdana;font-size:12px;\"><strong><br \/><\/strong><\/span> <\/p>\n<p style=\"text-align:justify;\"><span style=\"font-family:Verdana;font-size:18px;\">Em dezembro de 2021, a taxa de desemprego dosjovens (menores de 25 anos) foi de 14.9% na UE e na zona euro. No m\u00eas anterior,a taxa foi de 15.4% na UE e a 15.5% na zona euro.<\/span> <\/p>\n<p style=\"text-align:justify;\"><span style=\"font-family:Verdana;font-size:18px;\"><br \/><\/span> <\/p>\n<p style=\"text-align:center;\"><span style=\"font-family:Verdana;font-size:18px;\"><strong>Figura 3 \u2013 Taxa de Desemprego dos JovensMenores de 25 Anos da Zona Euro e da UE (2008-2021)<\/strong><\/span> <\/p>\n<p style=\"text-align:justify;\"><\/p>\n<p style=\"text-align:justify;\"><span style=\"font-family:Verdana;font-size:18px;\"><em><u>Na publica\u00e7\u00e3o da Eurostat, houve um erro na&nbsp;figura 3 (repetiu-se a figura 1). P<\/u><\/em><\/span><span style=\"font-family:Verdana;font-size:18px;\"><em><u>ortanto, caso seja corrigido, atualizarei este artigo com a figura 3 neste exato local.<\/u><\/em><\/span> <\/p>\n<p style=\"text-align:justify;\"><span style=\"font-family:Verdana;font-size:18px;\"><br \/><\/span> <\/p>\n<p style=\"text-align:center;\"><span style=\"font-family:Verdana;font-size:12px;\"><strong>Zona Euro (Linha Vermelha); UE (Linha Azul).<\/strong><\/span> <\/p>\n<p style=\"text-align:center;\"><span style=\"font-family:Verdana;font-size:12px;\"><strong>Fonte: Eurostat.<\/strong><\/span> <\/p>\n<p style=\"text-align:center;\"><span style=\"font-family:Verdana;font-size:12px;\"><strong><br \/><\/strong><\/span> <\/p>\n<p style=\"text-align:justify;\"><span style=\"font-family:Verdana;font-size:18px;\">Em dezembro de 2021, 2.748 milh\u00f5es de jovens(menores de 25 anos) estavam desempregados na UE (dos quais 2.222 milh\u00f5es nazona euro). Em compara\u00e7\u00e3o a novembro de 2021, o desemprego jovem diminuiu 81mil na UE e 78 mil na zona euro. Em compara\u00e7\u00e3o a dezembro de 2020, o desempregojuvenil diminuiu 385 mil na UE e 323 mil na zona euro.<\/span> <\/p>\n<p style=\"text-align:justify;\"><span style=\"font-family:Verdana;font-size:18px;\"><br \/><\/span> <\/p>\n<p style=\"text-align:justify;\"><span style=\"font-family:Verdana;font-size:18px;\">Em Portugal, da taxa do desemprego jovem foide 21.1% em dezembro de 2021, com 69 mil jovens desempregados.<\/span> <\/p>\n<p style=\"text-align:justify;\"><span style=\"font-family:Verdana;font-size:18px;\"><br \/><\/span> <\/p>\n<p style=\"text-align:center;\"><span style=\"font-family:Verdana;font-size:18px;\"><strong>Figura 4 \u2013 Total do Desemprego dos JovensMenores de 25 anos da Zona Euro e da UE<\/strong><\/span> <\/p>\n<p style=\"text-align:center;\"><span style=\"font-family:Verdana;font-size:18px;\"><img loading=\"lazy\" decoding=\"async\" src=\"https:\/\/elementum.pt\/wp-content\/uploads\/2022\/08\/img_62c6f25e1e520-1.png\" width=\"800\" height=\"700\" alt=\"\" \/><br \/><\/span> <\/p>\n<p style=\"text-align:center;\"><span style=\"font-family:Verdana;font-size:12px;\"><strong>Rates % (Taxas %); Number of Persons inThousands (N\u00famero de Pessoas em Milhares); Euro Area (Zona Euro); EU (Uni\u00e3oEuropeia &#8211; UE); : (Dados n\u00e3o Dispon\u00edveis).<\/strong><\/span> <\/p>\n<p style=\"text-align:center;\"><span style=\"font-family:Verdana;font-size:12px;\"><strong>Nota: Os tr\u00eas \u00faltimos (Isl\u00e2ndia, Noruega eSu\u00ed\u00e7a) n\u00e3o fazem parte da UE.<\/strong><\/span> <\/p>\n<p style=\"text-align:center;\"><span style=\"font-family:Verdana;font-size:12px;\"><strong>Fonte: Eurostat.<\/strong><\/span> <\/p>\n<p style=\"text-align:center;\"><span style=\"font-family:Verdana;font-size:12px;\"><strong><br \/><\/strong><\/span> <\/p>\n<p style=\"text-align:justify;\"><span style=\"font-family:Verdana;font-size:18px;\">Em dezembro de 2021, a taxa de desemprego dasmulheres foi de 6.6% na UE (no m\u00eas anterior, foi de 6.8%); a dos homens, 6.1%(no m\u00eas anterior, foi de 6.2%). Na zona euro, a taxa de desemprego das mulheresdiminuiu de 7.5% em novembro de 2021 para 7.3% em dezembro de 2021; a doshomens, de 6.8% para 6.7%.<\/span> <\/p>\n<p style=\"text-align:justify;\"><span style=\"font-family:Verdana;font-size:18px;\"><br \/><\/span> <\/p>\n<p style=\"text-align:justify;\"><span style=\"font-family:Verdana;font-size:18px;\">Em Portugal, a taxa de desemprego das mulheresfoi de 5.9% em dezembro de 2021; a dos homens, tamb\u00e9m 5.9%.<\/span> <\/p>\n<p style=\"text-align:justify;\"><span style=\"font-family:Verdana;font-size:18px;\"><br \/><\/span> <\/p>\n<p style=\"text-align:center;\"><span style=\"font-family:Verdana;font-size:18px;\"><strong>Figura 5 \u2013 Taxa de Desemprego da Zona Euro eda UE por Sexo<\/strong><\/span> <\/p>\n<p style=\"text-align:center;\"><span style=\"font-family:Verdana;font-size:18px;\"><img loading=\"lazy\" decoding=\"async\" src=\"https:\/\/elementum.pt\/wp-content\/uploads\/2022\/08\/img_62c6f25f6ad6c-1.png\" width=\"800\" height=\"700\" alt=\"\" \/><br \/><\/span> <\/p>\n<p style=\"text-align:center;\"><span style=\"font-family:Verdana;font-size:12px;\"><strong>Males (Homens); Females (Mulheres); Euro Area(Zona Euro); EU (Uni\u00e3o Europeia &#8211; UE); : (Dados n\u00e3o Dispon\u00edveis).<\/strong><\/span> <\/p>\n<p style=\"text-align:center;\"><span style=\"font-family:Verdana;font-size:12px;\"><strong>Nota: Os tr\u00eas \u00faltimos (Isl\u00e2ndia, Noruega eSu\u00ed\u00e7a) n\u00e3o fazem parte da UE.<\/strong><\/span> <\/p>\n<p style=\"text-align:center;\"><span style=\"font-family:Verdana;font-size:12px;\"><strong>Fonte: Eurostat.<\/strong><\/span> <\/p>\n<p style=\"text-align:justify;\"><span style=\"font-family:Verdana;font-size:18px;\">&nbsp;<\/span> <\/p>\n<p style=\"text-align:justify;\"><span style=\"font-family:Verdana;font-size:18px;\"><br \/><\/span> <\/p>\n<p style=\"text-align:justify;\"><span style=\"font-family:Verdana;font-size:18px;\">Andr\u00e9 Marques<\/span> <\/p>\n","protected":false},"excerpt":{"rendered":"<p>Nota: \u00c9 importante destacar que as taxas dedesemprego divulgadas pelos gov<\/p>\n","protected":false},"author":4,"featured_media":242479,"comment_status":"open","ping_status":"open","sticky":false,"template":"","format":"standard","meta":{"inline_featured_image":false,"site-sidebar-layout":"default","site-content-layout":"","ast-site-content-layout":"","site-content-style":"default","site-sidebar-style":"default","ast-global-header-display":"","ast-banner-title-visibility":"","ast-main-header-display":"","ast-hfb-above-header-display":"","ast-hfb-below-header-display":"","ast-hfb-mobile-header-display":"","site-post-title":"","ast-breadcrumbs-content":"","ast-featured-img":"","footer-sml-layout":"","theme-transparent-header-meta":"","adv-header-id-meta":"","stick-header-meta":"","header-above-stick-meta":"","header-main-stick-meta":"","header-below-stick-meta":"","astra-migrate-meta-layouts":"default","ast-page-background-enabled":"default","ast-page-background-meta":{"desktop":{"background-color":"var(--ast-global-color-4)","background-image":"","background-repeat":"repeat","background-position":"center center","background-size":"auto","background-attachment":"scroll","background-type":"","background-media":"","overlay-type":"","overlay-color":"","overlay-opacity":"","overlay-gradient":""},"tablet":{"background-color":"","background-image":"","background-repeat":"repeat","background-position":"center center","background-size":"auto","background-attachment":"scroll","background-type":"","background-media":"","overlay-type":"","overlay-color":"","overlay-opacity":"","overlay-gradient":""},"mobile":{"background-color":"","background-image":"","background-repeat":"repeat","background-position":"center center","background-size":"auto","background-attachment":"scroll","background-type":"","background-media":"","overlay-type":"","overlay-color":"","overlay-opacity":"","overlay-gradient":""}},"ast-content-background-meta":{"desktop":{"background-color":"var(--ast-global-color-5)","background-image":"","background-repeat":"repeat","background-position":"center center","background-size":"auto","background-attachment":"scroll","background-type":"","background-media":"","overlay-type":"","overlay-color":"","overlay-opacity":"","overlay-gradient":""},"tablet":{"background-color":"var(--ast-global-color-5)","background-image":"","background-repeat":"repeat","background-position":"center center","background-size":"auto","background-attachment":"scroll","background-type":"","background-media":"","overlay-type":"","overlay-color":"","overlay-opacity":"","overlay-gradient":""},"mobile":{"background-color":"var(--ast-global-color-5)","background-image":"","background-repeat":"repeat","background-position":"center center","background-size":"auto","background-attachment":"scroll","background-type":"","background-media":"","overlay-type":"","overlay-color":"","overlay-opacity":"","overlay-gradient":""}},"footnotes":""},"categories":[1],"tags":[],"class_list":["post-242478","post","type-post","status-publish","format-standard","has-post-thumbnail","hentry","category-sem-categoria"],"_links":{"self":[{"href":"https:\/\/elementum.pt\/pt-pt\/wp-json\/wp\/v2\/posts\/242478","targetHints":{"allow":["GET"]}}],"collection":[{"href":"https:\/\/elementum.pt\/pt-pt\/wp-json\/wp\/v2\/posts"}],"about":[{"href":"https:\/\/elementum.pt\/pt-pt\/wp-json\/wp\/v2\/types\/post"}],"author":[{"embeddable":true,"href":"https:\/\/elementum.pt\/pt-pt\/wp-json\/wp\/v2\/users\/4"}],"replies":[{"embeddable":true,"href":"https:\/\/elementum.pt\/pt-pt\/wp-json\/wp\/v2\/comments?post=242478"}],"version-history":[{"count":0,"href":"https:\/\/elementum.pt\/pt-pt\/wp-json\/wp\/v2\/posts\/242478\/revisions"}],"wp:featuredmedia":[{"embeddable":true,"href":"https:\/\/elementum.pt\/pt-pt\/wp-json\/wp\/v2\/media\/242479"}],"wp:attachment":[{"href":"https:\/\/elementum.pt\/pt-pt\/wp-json\/wp\/v2\/media?parent=242478"}],"wp:term":[{"taxonomy":"category","embeddable":true,"href":"https:\/\/elementum.pt\/pt-pt\/wp-json\/wp\/v2\/categories?post=242478"},{"taxonomy":"post_tag","embeddable":true,"href":"https:\/\/elementum.pt\/pt-pt\/wp-json\/wp\/v2\/tags?post=242478"}],"curies":[{"name":"wp","href":"https:\/\/api.w.org\/{rel}","templated":true}]}}