{"id":242365,"date":"2022-01-10T20:50:37","date_gmt":"2022-01-10T20:50:37","guid":{"rendered":"https:\/\/elementum.pt\/2022\/01\/10\/taxa-de-desemprego-da-zona-euro-atinge-7-2-em-novembro-de-2021\/"},"modified":"2022-08-01T12:32:41","modified_gmt":"2022-08-01T11:32:41","slug":"taxa-de-desemprego-da-zona-euro-atinge-7-2-em-novembro-de-2021","status":"publish","type":"post","link":"https:\/\/elementum.pt\/pt-pt\/taxa-de-desemprego-da-zona-euro-atinge-7-2-em-novembro-de-2021\/","title":{"rendered":"Taxa de Desemprego da Zona Euro Atinge 7.2% em Novembro de 2021"},"content":{"rendered":"<p style=\"text-align:center;\"><span style=\"font-family:Verdana;font-size:18px;\"><strong><img fetchpriority=\"high\" decoding=\"async\" src=\"https:\/\/elementum.pt\/wp-content\/uploads\/2022\/08\/img_62c6f3a840c67-1.jpg\" width=\"600\" height=\"250\" alt=\"\" \/><br \/><\/strong><\/span><\/p>\n<p style=\"text-align:justify;\"><span style=\"font-family:Verdana;font-size:18px;\"><strong><br \/><\/strong><\/span><\/p>\n<p style=\"text-align:justify;\"><span style=\"font-family:Verdana;font-size:18px;\"><strong>Nota<\/strong>: \u00c9importante destacar que as taxas de desemprego divulgadas pelos governos (sejada Uni\u00e3o Europeia, dos EUA, do Brasil, ou qualquer outro), tendem a ser menoresdo que a real taxa de desemprego. Isto ocorre devido, por exemplo, a estastaxas n\u00e3o contarem as pessoas desencorajadas (que pararam de procurar emprego en\u00e3o est\u00e3o contados na for\u00e7a de trabalho) e\/ou que est\u00e3o a fazer trabalhosocasionais. Veja exemplos <a href=\"https:\/\/www.mises.org.br\/Article.aspx?id=1471\" target=\"_blank\" rel=\"noopener\">aqui<\/a><\/span><span style=\"font-family:Verdana;font-size:18px;\">, <a href=\"https:\/\/mises.org.br\/Article.aspx?id=433\" target=\"_blank\" rel=\"noopener\">aqui<\/a>&nbsp;<\/span><span style=\"font-family:Verdana;font-size:18px;\">e <a href=\"https:\/\/youtu.be\/VmA1oXAGEIE\" target=\"_blank\" rel=\"noopener\">aqui<\/a><\/span><span style=\"font-family:Verdana;font-size:18px;\">.<\/span><\/p>\n<p style=\"text-align:justify;\"><span style=\"font-family:Verdana;font-size:18px;\"><br \/><\/span><\/p>\n<p style=\"text-align:justify;\"><span style=\"font-family:Verdana;font-size:18px;\">Em novembro de2021, a taxa de desemprego da zona euro foi de 7.2%, uma diminui\u00e7\u00e3o emcompara\u00e7\u00e3o aos 7.3% em outubro de 2021 e aos 8.1% em novembro de 2020, <a href=\"https:\/\/ec.europa.eu\/eurostat\/documents\/2995521\/14084165\/3-10012022-AP-EN.pdf\/53ac483e-71d9-3093-5bd8-12f1ea89683a\" target=\"_blank\" rel=\"noopener\">segundo a Eurostat<\/a><\/span><span style=\"font-family:Verdana;font-size:18px;\">. J\u00e1 a taxa de desemprego da Uni\u00e3oEuropeia (UE) foi de 6.5% em novembro de 2021, uma diminui\u00e7\u00e3o em compara\u00e7\u00e3o aos6.7% em outubro de 2021 e aos 7.4% em novembro de 2020.<\/span><\/p>\n<p style=\"text-align:justify;\"><span style=\"font-family:Verdana;font-size:18px;\"><br \/><\/span><\/p>\n<p style=\"text-align:center;\"><span style=\"font-family:Verdana;font-size:18px;\"><strong>Figura 1 \u2013 Taxade Desemprego da Zona Euro e da UE (2008-2021)<\/strong><\/span><\/p>\n<p style=\"text-align:center;\"><span style=\"font-family:Verdana;font-size:18px;\"><img decoding=\"async\" src=\"https:\/\/elementum.pt\/wp-content\/uploads\/2022\/08\/img_62c6f3aa4851d-1.png\" width=\"800\" height=\"350\" alt=\"\" \/><br \/><\/span><\/p>\n<p style=\"text-align:center;\"><span style=\"font-family:Verdana;font-size:12px;\"><strong>Zona Euro (LinhaVermelha); UE (Linha Azul).<\/strong><\/span><\/p>\n<p style=\"text-align:center;\"><span style=\"font-family:Verdana;font-size:12px;\"><strong>Fonte: Eurostat.<\/strong><\/span><\/p>\n<p style=\"text-align:center;\"><span style=\"font-family:Verdana;font-size:12px;\"><strong><br \/><\/strong><\/span><\/p>\n<p style=\"text-align:justify;\"><span style=\"font-family:Verdana;font-size:18px;\">Estima-se que 13.984milh\u00f5es pessoas na UE (das quais 11.829 milh\u00f5es da zona euro), estavamdesempregadas em novembro de 2021. Em compara\u00e7\u00e3o a outubro de 2021, o n\u00famero depessoas desempregadas diminuiu 247 mil na UE e 222 mil na zona euro. Emcompara\u00e7\u00e3o a novembro de 2020, a quantidade de pessoas desempregadas diminuiu1.659 milh\u00f5es na UE e 1.411 milh\u00f5es na zona euro.<\/span><\/p>\n<p style=\"text-align:justify;\"><span style=\"font-family:Verdana;font-size:18px;\"><br \/><\/span><\/p>\n<p style=\"text-align:justify;\"><span style=\"font-family:Verdana;font-size:18px;\">Em Portugal, ataxa de desemprego atingiu 6.3% em novembro de 2021, com 327 mil pessoasdesempregadas.<\/span><\/p>\n<p style=\"text-align:justify;\"><span style=\"font-family:Verdana;font-size:18px;\"><br \/><\/span><\/p>\n<p style=\"text-align:center;\"><span style=\"font-family:Verdana;font-size:18px;\"><strong>Figura 2 \u2013 Totaldo Desemprego da Zona Euro e da UE<\/strong><\/span><\/p>\n<p style=\"text-align:center;\"><span style=\"font-family:Verdana;font-size:18px;\"><img decoding=\"async\" src=\"https:\/\/elementum.pt\/wp-content\/uploads\/2022\/08\/img_62c6f3ab78549-1.png\" width=\"800\" height=\"800\" alt=\"\" \/><br \/><\/span><\/p>\n<p style=\"text-align:center;\"><span style=\"font-family:Verdana;font-size:12px;\"><strong>Rates % (Taxas%); Number of Persons in Thousands (N\u00famero de Pessoas em Milhares); Euro Area(Zona Euro); EU (Uni\u00e3o Europeia &#8211; UE).<\/strong><\/span><\/p>\n<p style=\"text-align:center;\"><span style=\"font-family:Verdana;font-size:12px;\"><strong>Nota: Os tr\u00eas\u00faltimos (Isl\u00e2ndia, Noruega e Su\u00ed\u00e7a) n\u00e3o fazem parte da UE.<\/strong><\/span><\/p>\n<p style=\"text-align:center;\"><span style=\"font-family:Verdana;font-size:12px;\"><strong>Fonte: Eurostat.<\/strong><\/span><\/p>\n<p style=\"text-align:center;\"><span style=\"font-family:Verdana;font-size:12px;\"><strong><br \/><\/strong><\/span><\/p>\n<p style=\"text-align:justify;\"><span style=\"font-family:Verdana;font-size:18px;\">Em novembro de2021, a taxa de desemprego dos jovens foi de 15.4% na UE e 15.5% na zona euro.No m\u00eas anterior, a taxa foi de 15.6% na UE e a 15.8% na zona euro.<\/span><\/p>\n<p style=\"text-align:center;\"><span style=\"font-family:Verdana;font-size:18px;\"><br \/><\/span><\/p>\n<p style=\"text-align:center;\"><span style=\"font-family:Verdana;font-size:18px;\"><strong>Figura 3 \u2013 Taxade Desemprego dos Jovens Menores de 25 Anos da Zona Euro e da UE (2008-2021)<\/strong><\/span><\/p>\n<p style=\"text-align:center;\"><span style=\"font-family:Verdana;font-size:18px;\"><img loading=\"lazy\" decoding=\"async\" src=\"https:\/\/elementum.pt\/wp-content\/uploads\/2022\/08\/img_62c6f3ad51b44-1.png\" width=\"800\" height=\"350\" alt=\"\" \/><br \/><\/span><\/p>\n<p style=\"text-align:center;\"><span style=\"font-family:Verdana;font-size:12px;\"><strong>Zona Euro (LinhaVermelha); UE (Linha Azul).<\/strong><\/span><\/p>\n<p style=\"text-align:center;\"><span style=\"font-family:Verdana;font-size:12px;\"><strong>Fonte: Eurostat.<\/strong><\/span><\/p>\n<p style=\"text-align:center;\"><span style=\"font-family:Verdana;font-size:12px;\"><strong><br \/><\/strong><\/span><\/p>\n<p style=\"text-align:justify;\"><span style=\"font-family:Verdana;font-size:18px;\">Em novembro de2021, 2.842 milh\u00f5es de jovens (menores de 25 anos) estavam desempregados na UE(dos quais 2.313 milh\u00f5es na zona euro). Em compara\u00e7\u00e3o a outubro de 2021, odesemprego jovem diminuiu 34 mil na UE e 37 mil na zona euro. Em compara\u00e7\u00e3o anovembro de 2020, o desemprego juvenil diminuiu 225 mil na UE e 188 mil na zonaeuro.<\/span><\/p>\n<p style=\"text-align:justify;\"><span style=\"font-family:Verdana;font-size:18px;\"><br \/><\/span><\/p>\n<p style=\"text-align:justify;\"><span style=\"font-family:Verdana;font-size:18px;\">Em Portugal, dataxa do desemprego jovem foi de 22.4% em novembro de 2021, com 72 mil jovensdesempregados.<\/span><\/p>\n<p style=\"text-align:justify;\"><span style=\"font-family:Verdana;font-size:18px;\"><br \/><\/span><\/p>\n<p style=\"text-align:center;\"><span style=\"font-family:Verdana;font-size:18px;\"><strong>Figura 4 \u2013 Totaldo Desemprego dos Jovens Menores de 25 anos da Zona Euro e da UE<\/strong><\/span><\/p>\n<p style=\"text-align:center;\"><span style=\"font-family:Verdana;font-size:18px;\"><img loading=\"lazy\" decoding=\"async\" src=\"https:\/\/elementum.pt\/wp-content\/uploads\/2022\/08\/img_62c6f3af06772-1.png\" width=\"800\" height=\"800\" alt=\"\" \/><br \/><\/span><\/p>\n<p style=\"text-align:center;\"><span style=\"font-family:Verdana;font-size:12px;\"><strong>Rates % (Taxas%); Number of Persons in Thousands (N\u00famero de Pessoas em Milhares); Euro Area(Zona Euro); EU (Uni\u00e3o Europeia &#8211; UE); : (Dados n\u00e3o Dispon\u00edveis).<\/strong><\/span><\/p>\n<p style=\"text-align:center;\"><span style=\"font-family:Verdana;font-size:12px;\"><strong>Nota: Os tr\u00eas\u00faltimos (Isl\u00e2ndia, Noruega e Su\u00ed\u00e7a) n\u00e3o fazem parte da UE.<\/strong><\/span><\/p>\n<p style=\"text-align:center;\"><span style=\"font-family:Verdana;font-size:12px;\"><strong>Fonte: Eurostat.<\/strong><\/span><\/p>\n<p style=\"text-align:center;\"><span style=\"font-family:Verdana;font-size:12px;\"><strong><br \/><\/strong><\/span><\/p>\n<p style=\"text-align:justify;\"><span style=\"font-family:Verdana;font-size:18px;\">Em novembro de2021, a taxa de desemprego das mulheres foi de 6.8% na UE (no m\u00eas anterior, foide 7%); a dos homens, 6.3% (no m\u00eas anterior, foi de 6.4%). Na zona euro, a taxade desemprego das mulheres diminuiu de 7.7% em outubro de 2021 para 7.5% emnovembro de 2021; a dos homens, de 7% para 6.9%.<\/span><\/p>\n<p style=\"text-align:justify;\"><span style=\"font-family:Verdana;font-size:18px;\"><br \/><\/span><\/p>\n<p style=\"text-align:justify;\"><span style=\"font-family:Verdana;font-size:18px;\">Em Portugal, ataxa de desemprego das mulheres foi de 6.4% em novembro de 2021; a dos homens,6.2%.<\/span><\/p>\n<p style=\"text-align:justify;\"><span style=\"font-family:Verdana;font-size:18px;\"><br \/><\/span><\/p>\n<p style=\"text-align:center;\"><span style=\"font-family:Verdana;font-size:18px;\"><strong>Figura 5 \u2013 Taxade Desemprego da Zona Euro e da UE por G\u00e9nero<\/strong><\/span><\/p>\n<p style=\"text-align:center;\"><span style=\"font-family:Verdana;font-size:18px;\"><img loading=\"lazy\" decoding=\"async\" src=\"https:\/\/elementum.pt\/wp-content\/uploads\/2022\/08\/img_62c6f3b119327-1.png\" width=\"800\" height=\"800\" alt=\"\" \/><br \/><\/span><\/p>\n<p style=\"text-align:center;\"><span style=\"font-family:Verdana;font-size:12px;\"><strong>Males (Homens);Females (Mulheres); Euro Area (Zona Euro); EU (Uni\u00e3o Europeia &#8211; UE); : (Dadosn\u00e3o Dispon\u00edveis).<\/strong><\/span><\/p>\n<p style=\"text-align:center;\"><span style=\"font-family:Verdana;font-size:12px;\"><strong>Nota: Os tr\u00eas\u00faltimos (Isl\u00e2ndia, Noruega e Su\u00ed\u00e7a) n\u00e3o fazem parte da UE.<\/strong><\/span><\/p>\n<p style=\"text-align:center;\"><span style=\"font-family:Verdana;font-size:12px;\"><strong>Fonte: Eurostat.<\/strong><\/span><\/p>\n<p style=\"text-align:justify;\"><span style=\"font-family:Verdana;font-size:18px;\">&nbsp;<\/span><\/p>\n<p style=\"text-align:justify;\"><span style=\"font-family:Verdana;font-size:18px;\"><br \/><\/span><\/p>\n<p style=\"text-align:justify;\"><span style=\"font-family:Verdana;font-size:18px;\">Andr\u00e9 Marques<\/span><\/p>\n","protected":false},"excerpt":{"rendered":"<p>Nota: \u00c9importante destacar que as taxas de desemprego divulgadas pelos gover<\/p>\n","protected":false},"author":4,"featured_media":242366,"comment_status":"open","ping_status":"open","sticky":false,"template":"","format":"standard","meta":{"inline_featured_image":false,"site-sidebar-layout":"default","site-content-layout":"","ast-site-content-layout":"","site-content-style":"default","site-sidebar-style":"default","ast-global-header-display":"","ast-banner-title-visibility":"","ast-main-header-display":"","ast-hfb-above-header-display":"","ast-hfb-below-header-display":"","ast-hfb-mobile-header-display":"","site-post-title":"","ast-breadcrumbs-content":"","ast-featured-img":"","footer-sml-layout":"","theme-transparent-header-meta":"","adv-header-id-meta":"","stick-header-meta":"","header-above-stick-meta":"","header-main-stick-meta":"","header-below-stick-meta":"","astra-migrate-meta-layouts":"default","ast-page-background-enabled":"default","ast-page-background-meta":{"desktop":{"background-color":"var(--ast-global-color-4)","background-image":"","background-repeat":"repeat","background-position":"center center","background-size":"auto","background-attachment":"scroll","background-type":"","background-media":"","overlay-type":"","overlay-color":"","overlay-opacity":"","overlay-gradient":""},"tablet":{"background-color":"","background-image":"","background-repeat":"repeat","background-position":"center center","background-size":"auto","background-attachment":"scroll","background-type":"","background-media":"","overlay-type":"","overlay-color":"","overlay-opacity":"","overlay-gradient":""},"mobile":{"background-color":"","background-image":"","background-repeat":"repeat","background-position":"center center","background-size":"auto","background-attachment":"scroll","background-type":"","background-media":"","overlay-type":"","overlay-color":"","overlay-opacity":"","overlay-gradient":""}},"ast-content-background-meta":{"desktop":{"background-color":"var(--ast-global-color-5)","background-image":"","background-repeat":"repeat","background-position":"center center","background-size":"auto","background-attachment":"scroll","background-type":"","background-media":"","overlay-type":"","overlay-color":"","overlay-opacity":"","overlay-gradient":""},"tablet":{"background-color":"var(--ast-global-color-5)","background-image":"","background-repeat":"repeat","background-position":"center center","background-size":"auto","background-attachment":"scroll","background-type":"","background-media":"","overlay-type":"","overlay-color":"","overlay-opacity":"","overlay-gradient":""},"mobile":{"background-color":"var(--ast-global-color-5)","background-image":"","background-repeat":"repeat","background-position":"center center","background-size":"auto","background-attachment":"scroll","background-type":"","background-media":"","overlay-type":"","overlay-color":"","overlay-opacity":"","overlay-gradient":""}},"footnotes":""},"categories":[1],"tags":[],"class_list":["post-242365","post","type-post","status-publish","format-standard","has-post-thumbnail","hentry","category-sem-categoria"],"_links":{"self":[{"href":"https:\/\/elementum.pt\/pt-pt\/wp-json\/wp\/v2\/posts\/242365","targetHints":{"allow":["GET"]}}],"collection":[{"href":"https:\/\/elementum.pt\/pt-pt\/wp-json\/wp\/v2\/posts"}],"about":[{"href":"https:\/\/elementum.pt\/pt-pt\/wp-json\/wp\/v2\/types\/post"}],"author":[{"embeddable":true,"href":"https:\/\/elementum.pt\/pt-pt\/wp-json\/wp\/v2\/users\/4"}],"replies":[{"embeddable":true,"href":"https:\/\/elementum.pt\/pt-pt\/wp-json\/wp\/v2\/comments?post=242365"}],"version-history":[{"count":0,"href":"https:\/\/elementum.pt\/pt-pt\/wp-json\/wp\/v2\/posts\/242365\/revisions"}],"wp:featuredmedia":[{"embeddable":true,"href":"https:\/\/elementum.pt\/pt-pt\/wp-json\/wp\/v2\/media\/242366"}],"wp:attachment":[{"href":"https:\/\/elementum.pt\/pt-pt\/wp-json\/wp\/v2\/media?parent=242365"}],"wp:term":[{"taxonomy":"category","embeddable":true,"href":"https:\/\/elementum.pt\/pt-pt\/wp-json\/wp\/v2\/categories?post=242365"},{"taxonomy":"post_tag","embeddable":true,"href":"https:\/\/elementum.pt\/pt-pt\/wp-json\/wp\/v2\/tags?post=242365"}],"curies":[{"name":"wp","href":"https:\/\/api.w.org\/{rel}","templated":true}]}}